{"id":1143,"date":"2022-03-24T12:39:35","date_gmt":"2022-03-24T15:39:35","guid":{"rendered":"https:\/\/www.granlogiaregularargentina.org\/glra\/?p=1143"},"modified":"2022-03-24T12:39:35","modified_gmt":"2022-03-24T15:39:35","slug":"memoria-verdad-justicia","status":"publish","type":"post","link":"https:\/\/www.granlogiaregularargentina.org\/glra\/blog\/2022\/03\/24\/memoria-verdad-justicia\/","title":{"rendered":"Memoria &#8211; Verdad &#8211; Justicia"},"content":{"rendered":"\n<p><strong>30 mil luces encendidas<\/strong> <\/p>\n\n\n\n<p>La Gran Logia Regular Argentina por la Igualdad y Libertad de la Humanidad quiere reafirmar su posici\u00f3n por la Memoria Verdad y Justicia ante el Terrorismo de Estado ejercido por l Dictadura C\u00edvico Militar de 1976 a 1983.<\/p>\n\n\n\n<p>A 46 a\u00f1os del nefasto Golpe de 1976 decimos \u00abNunca M\u00e1s\u00bb y militamos por \u00abMemoria, Verdad y Justicia\u00bb y en nuestros corazones seguimos trabajando desde un periodismo independiente con plena conciencia de las 30 mil luces Presentes, Ahora y Siempre<\/p>\n\n\n\n<p><\/p>\n","protected":false},"excerpt":{"rendered":"<p>30 mil luces encendidas La Gran Logia Regular Argentina por la Igualdad y Libertad de la Humanidad quiere reafirmar su posici\u00f3n por la Memoria Verdad y Justicia ante el Terrorismo de Estado ejercido por l Dictadura C\u00edvico Militar de 1976 a 1983. A 46 a\u00f1os del nefasto Golpe de 1976 decimos \u00abNunca M\u00e1s\u00bb y militamos [&hellip;]<\/p>\n","protected":false},"author":1,"featured_media":1144,"comment_status":"closed","ping_status":"closed","sticky":false,"template":"","format":"standard","meta":{"footnotes":""},"categories":[9,12,15],"tags":[38],"class_list":["post-1143","post","type-post","status-publish","format-standard","has-post-thumbnail","hentry","category-comunicados-glra","category-comunicados-sc33o","category-efemerides","tag-24-de-marzo"],"_links":{"self":[{"href":"https:\/\/www.granlogiaregularargentina.org\/glra\/wp-json\/wp\/v2\/posts\/1143","targetHints":{"allow":["GET"]}}],"collection":[{"href":"https:\/\/www.granlogiaregularargentina.org\/glra\/wp-json\/wp\/v2\/posts"}],"about":[{"href":"https:\/\/www.granlogiaregularargentina.org\/glra\/wp-json\/wp\/v2\/types\/post"}],"author":[{"embeddable":true,"href":"https:\/\/www.granlogiaregularargentina.org\/glra\/wp-json\/wp\/v2\/users\/1"}],"replies":[{"embeddable":true,"href":"https:\/\/www.granlogiaregularargentina.org\/glra\/wp-json\/wp\/v2\/comments?post=1143"}],"version-history":[{"count":1,"href":"https:\/\/www.granlogiaregularargentina.org\/glra\/wp-json\/wp\/v2\/posts\/1143\/revisions"}],"predecessor-version":[{"id":1145,"href":"https:\/\/www.granlogiaregularargentina.org\/glra\/wp-json\/wp\/v2\/posts\/1143\/revisions\/1145"}],"wp:featuredmedia":[{"embeddable":true,"href":"https:\/\/www.granlogiaregularargentina.org\/glra\/wp-json\/wp\/v2\/media\/1144"}],"wp:attachment":[{"href":"https:\/\/www.granlogiaregularargentina.org\/glra\/wp-json\/wp\/v2\/media?parent=1143"}],"wp:term":[{"taxonomy":"category","embeddable":true,"href":"https:\/\/www.granlogiaregularargentina.org\/glra\/wp-json\/wp\/v2\/categories?post=1143"},{"taxonomy":"post_tag","embeddable":true,"href":"https:\/\/www.granlogiaregularargentina.org\/glra\/wp-json\/wp\/v2\/tags?post=1143"}],"curies":[{"name":"wp","href":"https:\/\/api.w.org\/{rel}","templated":true}]}}