{"id":1300,"date":"2022-06-21T11:07:39","date_gmt":"2022-06-21T14:07:39","guid":{"rendered":"https:\/\/www.granlogiaregularargentina.org\/glra\/?p=1300"},"modified":"2022-06-22T14:09:22","modified_gmt":"2022-06-22T17:09:22","slug":"solsticio-de-invierno-en-el-hemisferio-sur-2022","status":"publish","type":"post","link":"https:\/\/www.granlogiaregularargentina.org\/glra\/blog\/2022\/06\/21\/solsticio-de-invierno-en-el-hemisferio-sur-2022\/","title":{"rendered":"SOLSTICIO DE INVIERNO EN EL HEMISFERIO SUR 2022"},"content":{"rendered":"\n<p>SOLSTICIO DE INVIERNO EN EL HEMISFERIO SUR 2022.<br><\/p>\n\n\n\n<p>Martes 21 de junio de 2022, 05:13 hs..<br><\/p>\n\n\n\n<figure class=\"wp-block-image size-large\"><img loading=\"lazy\" decoding=\"async\" width=\"1024\" height=\"766\" src=\"https:\/\/www.granlogiaregularargentina.org\/glra\/wp-content\/uploads\/2022\/06\/WhatsApp-Image-2022-06-21-at-10.28.41-PM-1024x766.jpeg\" alt=\"\" class=\"wp-image-1306\" srcset=\"https:\/\/www.granlogiaregularargentina.org\/glra\/wp-content\/uploads\/2022\/06\/WhatsApp-Image-2022-06-21-at-10.28.41-PM-1024x766.jpeg 1024w, https:\/\/www.granlogiaregularargentina.org\/glra\/wp-content\/uploads\/2022\/06\/WhatsApp-Image-2022-06-21-at-10.28.41-PM-300x224.jpeg 300w, https:\/\/www.granlogiaregularargentina.org\/glra\/wp-content\/uploads\/2022\/06\/WhatsApp-Image-2022-06-21-at-10.28.41-PM-768x575.jpeg 768w, https:\/\/www.granlogiaregularargentina.org\/glra\/wp-content\/uploads\/2022\/06\/WhatsApp-Image-2022-06-21-at-10.28.41-PM-1536x1149.jpeg 1536w, https:\/\/www.granlogiaregularargentina.org\/glra\/wp-content\/uploads\/2022\/06\/WhatsApp-Image-2022-06-21-at-10.28.41-PM.jpeg 1600w\" sizes=\"auto, (max-width: 1024px) 100vw, 1024px\" \/><\/figure>\n\n\n\n<p>El solsticio de invierno ha sido para varias culturas un d\u00eda de celebraci\u00f3n y un s\u00edmbolo de<br>renovaci\u00f3n<br>Las temperaturas descienden en el hemisferio sur. Los d\u00edas se acortan, las personas empiezan a<br>desempolvar los abrigos y caminan protegidos de un paraguas. Es as\u00ed como el invierno anuncia su<br>llegada oficialmente se har\u00e1 este 20 de junio con el solsticio del mismo nombre.<br>La raz\u00f3n de que haya solsticios \u2013y las estaciones\u2013 es que la Tierra est\u00e1 inclinada respecto al Sol<br>a una media de 23,5 grados. Esto significa que los hemisferios norte y sur reciben cantidades<br>desiguales de luz solar durante un a\u00f1o mientras orbitamos alrededor de nuestra estrella.<br>Cada hemisferio se enfr\u00eda durante la parte del a\u00f1o en la que est\u00e1 inclinado m\u00e1s lejos del Sol.<br>El solsticio de invierno (diciembre en el norte, junio en el sur) llega en el momento en que esa<br>inclinaci\u00f3n se encuentra en su \u00e1ngulo m\u00e1s extremo.<\/p>\n\n\n\n<p><\/p>\n\n\n\n<figure class=\"wp-block-image size-large\"><img loading=\"lazy\" decoding=\"async\" width=\"766\" height=\"1024\" src=\"https:\/\/www.granlogiaregularargentina.org\/glra\/wp-content\/uploads\/2022\/06\/WhatsApp-Image-2022-06-21-at-10.28.41-PM-1-766x1024.jpeg\" alt=\"\" class=\"wp-image-1307\" srcset=\"https:\/\/www.granlogiaregularargentina.org\/glra\/wp-content\/uploads\/2022\/06\/WhatsApp-Image-2022-06-21-at-10.28.41-PM-1-766x1024.jpeg 766w, https:\/\/www.granlogiaregularargentina.org\/glra\/wp-content\/uploads\/2022\/06\/WhatsApp-Image-2022-06-21-at-10.28.41-PM-1-224x300.jpeg 224w, https:\/\/www.granlogiaregularargentina.org\/glra\/wp-content\/uploads\/2022\/06\/WhatsApp-Image-2022-06-21-at-10.28.41-PM-1-768x1027.jpeg 768w, https:\/\/www.granlogiaregularargentina.org\/glra\/wp-content\/uploads\/2022\/06\/WhatsApp-Image-2022-06-21-at-10.28.41-PM-1-1149x1536.jpeg 1149w, https:\/\/www.granlogiaregularargentina.org\/glra\/wp-content\/uploads\/2022\/06\/WhatsApp-Image-2022-06-21-at-10.28.41-PM-1.jpeg 1197w\" sizes=\"auto, (max-width: 766px) 100vw, 766px\" \/><\/figure>\n\n\n\n<p><br>Rituales<br>El solsticio de invierno ha sido para varias culturas un d\u00eda de celebraci\u00f3n y un s\u00edmbolo de<br>renovaci\u00f3n y seg\u00fan las creencias, se han creado algunos rituales que a continuaci\u00f3n les explicamos:<br>Oraci\u00f3n a los elfos<br>La parapsicolog\u00eda recomienda una oraci\u00f3n para los Elfos y Duendes. Primero debemos tener a la<br>mano siete almendras y tres nueces. Estos frutos secos se pueden colocar en una maceta, en el<br>jard\u00edn, bajo un \u00e1rbol\u2026d\u00f3nde mejor nos sea conveniente. Luego se recitar\u00e1 el siguiente conjuro,<br>fruto por fruto: \u00abOh, elfos del aire, amigos de duendes y brujas; yo pido vuestra devoci\u00f3n para que<br>pueda cumplir mi misi\u00f3n\u201d.<br>Acto seguido, se tapan los frutos y se inicia el ritual del brindis con una copa de vino dulce (si no<br>tienen vino dulce cualquier vino seco con un poco de miel). Basta con remojarse los labios y luego<br>rociar el l\u00edquido sobre los frutos para acabar con el ritual.<br>\u201cQuema\u201d lo malo<br>Escribe en una hoja todas las dificultades que quieres dejar atr\u00e1s y luego quema el papel. Las<br>cenizas arr\u00f3jalas por la ventana como un acto de liberaci\u00f3n de energ\u00edas negativas. Posteriormente,<br>escribe en una hoja los sue\u00f1os que deseas cumplir en este nuevo per\u00edodo y c\u00f3mo lo vas a lograr.<br>\u201cQuema\u201d los buenos deseos<br>Escribe en una hoja por separado todos los buenos deseos, por lo material, lo espiritual y la salud<br>y luego ofr\u00e9celo quemando los mismos. Las cenizas arr\u00f3jalas en una maceta como un acto de<br>liberaci\u00f3n de energ\u00edas positivas, esperando que las mismas germinen con el tiempo.<\/p>\n\n\n\n<figure class=\"wp-block-image size-large\"><img loading=\"lazy\" decoding=\"async\" width=\"766\" height=\"1024\" src=\"https:\/\/www.granlogiaregularargentina.org\/glra\/wp-content\/uploads\/2022\/06\/WhatsApp-Image-2022-06-21-at-10.28.41-PM-2-1-766x1024.jpeg\" alt=\"\" class=\"wp-image-1308\" srcset=\"https:\/\/www.granlogiaregularargentina.org\/glra\/wp-content\/uploads\/2022\/06\/WhatsApp-Image-2022-06-21-at-10.28.41-PM-2-1-766x1024.jpeg 766w, https:\/\/www.granlogiaregularargentina.org\/glra\/wp-content\/uploads\/2022\/06\/WhatsApp-Image-2022-06-21-at-10.28.41-PM-2-1-224x300.jpeg 224w, https:\/\/www.granlogiaregularargentina.org\/glra\/wp-content\/uploads\/2022\/06\/WhatsApp-Image-2022-06-21-at-10.28.41-PM-2-1-768x1027.jpeg 768w, https:\/\/www.granlogiaregularargentina.org\/glra\/wp-content\/uploads\/2022\/06\/WhatsApp-Image-2022-06-21-at-10.28.41-PM-2-1-1149x1536.jpeg 1149w, https:\/\/www.granlogiaregularargentina.org\/glra\/wp-content\/uploads\/2022\/06\/WhatsApp-Image-2022-06-21-at-10.28.41-PM-2-1.jpeg 1197w\" sizes=\"auto, (max-width: 766px) 100vw, 766px\" \/><\/figure>\n\n\n\n<p><br>Ofrece comida<br>Otro ritual que agrupa a la familia es el hecho de comer todos alrededor de la mesa. Si bien esto se<br>hace casi siempre de forma cotidiana, es este 21 la fecha perfecta para llamar a esos seres amados<br>tan queridos y entra\u00f1ables. Compartir en torno a una mesa con alegr\u00eda y probando ricos<br>preparaciones es uno de los actos m\u00e1s nobles que puedan existir.<br>Construye un peque\u00f1o altar<br>Velas (de colores), cuarzos, pi\u00f1as de pino y otros elementos de la naturaleza propias de tu pa\u00eds que<br>puedes tener son los ingredientes para construir un peque\u00f1o y simb\u00f3lico altar en la casa.<br>Viaja y ll\u00e9nate de energ\u00eda<br>Los 24 de junio de cada a\u00f1o, son ideales para viajar, incluso son obligatorios en algunas culturas,<br>recordando el retorno a nuestros or\u00edgenes.<\/p>\n\n\n\n<figure class=\"wp-block-image size-large\"><img loading=\"lazy\" decoding=\"async\" width=\"1024\" height=\"766\" src=\"https:\/\/www.granlogiaregularargentina.org\/glra\/wp-content\/uploads\/2022\/05\/IMG_20220305_105801039-1024x766.jpg\" alt=\"\" class=\"wp-image-1296\" srcset=\"https:\/\/www.granlogiaregularargentina.org\/glra\/wp-content\/uploads\/2022\/05\/IMG_20220305_105801039-1024x766.jpg 1024w, https:\/\/www.granlogiaregularargentina.org\/glra\/wp-content\/uploads\/2022\/05\/IMG_20220305_105801039-300x224.jpg 300w, https:\/\/www.granlogiaregularargentina.org\/glra\/wp-content\/uploads\/2022\/05\/IMG_20220305_105801039-768x575.jpg 768w, https:\/\/www.granlogiaregularargentina.org\/glra\/wp-content\/uploads\/2022\/05\/IMG_20220305_105801039-1536x1149.jpg 1536w, https:\/\/www.granlogiaregularargentina.org\/glra\/wp-content\/uploads\/2022\/05\/IMG_20220305_105801039-2048x1532.jpg 2048w\" sizes=\"auto, (max-width: 1024px) 100vw, 1024px\" \/><\/figure>\n","protected":false},"excerpt":{"rendered":"<p>SOLSTICIO DE INVIERNO EN EL HEMISFERIO SUR 2022. Martes 21 de junio de 2022, 05:13 hs.. El solsticio de invierno ha sido para varias culturas un d\u00eda de celebraci\u00f3n y un s\u00edmbolo derenovaci\u00f3nLas temperaturas descienden en el hemisferio sur. Los d\u00edas se acortan, las personas empiezan adesempolvar los abrigos y caminan protegidos de un paraguas. [&hellip;]<\/p>\n","protected":false},"author":1,"featured_media":1302,"comment_status":"closed","ping_status":"closed","sticky":false,"template":"","format":"standard","meta":{"footnotes":""},"categories":[9,12,44],"tags":[74],"class_list":["post-1300","post","type-post","status-publish","format-standard","has-post-thumbnail","hentry","category-comunicados-glra","category-comunicados-sc33o","category-conmemoraciones","tag-solsticio-de-invierno"],"_links":{"self":[{"href":"https:\/\/www.granlogiaregularargentina.org\/glra\/wp-json\/wp\/v2\/posts\/1300","targetHints":{"allow":["GET"]}}],"collection":[{"href":"https:\/\/www.granlogiaregularargentina.org\/glra\/wp-json\/wp\/v2\/posts"}],"about":[{"href":"https:\/\/www.granlogiaregularargentina.org\/glra\/wp-json\/wp\/v2\/types\/post"}],"author":[{"embeddable":true,"href":"https:\/\/www.granlogiaregularargentina.org\/glra\/wp-json\/wp\/v2\/users\/1"}],"replies":[{"embeddable":true,"href":"https:\/\/www.granlogiaregularargentina.org\/glra\/wp-json\/wp\/v2\/comments?post=1300"}],"version-history":[{"count":3,"href":"https:\/\/www.granlogiaregularargentina.org\/glra\/wp-json\/wp\/v2\/posts\/1300\/revisions"}],"predecessor-version":[{"id":1310,"href":"https:\/\/www.granlogiaregularargentina.org\/glra\/wp-json\/wp\/v2\/posts\/1300\/revisions\/1310"}],"wp:featuredmedia":[{"embeddable":true,"href":"https:\/\/www.granlogiaregularargentina.org\/glra\/wp-json\/wp\/v2\/media\/1302"}],"wp:attachment":[{"href":"https:\/\/www.granlogiaregularargentina.org\/glra\/wp-json\/wp\/v2\/media?parent=1300"}],"wp:term":[{"taxonomy":"category","embeddable":true,"href":"https:\/\/www.granlogiaregularargentina.org\/glra\/wp-json\/wp\/v2\/categories?post=1300"},{"taxonomy":"post_tag","embeddable":true,"href":"https:\/\/www.granlogiaregularargentina.org\/glra\/wp-json\/wp\/v2\/tags?post=1300"}],"curies":[{"name":"wp","href":"https:\/\/api.w.org\/{rel}","templated":true}]}}