{"id":1379,"date":"2022-07-25T13:59:05","date_gmt":"2022-07-25T16:59:05","guid":{"rendered":"https:\/\/www.granlogiaregularargentina.org\/glra\/?p=1379"},"modified":"2022-07-25T13:59:05","modified_gmt":"2022-07-25T16:59:05","slug":"masoneria-progresista-repudia-dichos-de-aldo-rico","status":"publish","type":"post","link":"https:\/\/www.granlogiaregularargentina.org\/glra\/blog\/2022\/07\/25\/masoneria-progresista-repudia-dichos-de-aldo-rico\/","title":{"rendered":"Masoner\u00eda Progresista Repudia Dichos de Aldo Rico"},"content":{"rendered":"\n<h2 class=\"wp-block-heading\"><strong>Llamado a la Defensa de la Constituci\u00f3n Nacional, la Democracia y los Derechos del Pueblo<\/strong><\/h2>\n\n\n\n<p>Desde la Masoner\u00eda Progresista, nucleados en la Gran Logia Regular Argentina por la Igualdad y la Libertad de la Humanidad y el Magno Colegio de Ritos Francmas\u00f3nicos, quiere manifestar su repudio al pronunciamiento antidemocr\u00e1tico del ex militar Aldo Rico a las FFAA a que se levanten y realicen un Golpe de Estado. Por eso hacemos un <strong>Llamado a la Defensa de la Constituci\u00f3n Nacional, la Democracia y los Derechos del Pueblo.<\/strong><\/p>\n\n\n\n<p>Las manifestaciones del militar carapintada Aldo Rico agravian a las instituciones y la vida en democracia. A las ya conocidas exhortaciones a reprimir a hermanos y hermanas que padecen hambre y falta de oportunidades, caracter\u00edstica de predicas totalitarias, le agrega una patentizada violaci\u00f3n al art 226 del C\u00f3digo penal que tipifica el delito de intentar abrogar derechos fundamentales de las personas por parte del Ej\u00e9rcito Argentino, dandole una funci\u00f3n en asuntos internos de la Naci\u00f3n que no es propia de nuestra Carta Magna. Contrario a esa funci\u00f3n que devino en reiterados golpes de Estado contra el Pueblo el Libertador General Jos\u00e9 de San Mart\u00edn demostr\u00f3 con su pr\u00e9dica y acci\u00f3n de gobierno que \u00abnunca se debe desenvainar un sable contra un compatriota\u00bb.&nbsp;<\/p>\n\n\n\n<p>Consideramos que toda defensa, cr\u00edtica o cambio hacia un gobierno electo se realiza por medio de los mecanismos institucionales de la rep\u00fablica y el r\u00e9gimen democr\u00e1tico, basados en el di\u00e1logo, el consenso y la decisi\u00f3n soberana del pueblo.<\/p>\n\n\n\n<p>En tal sentido, reafirmamos nuestro compromiso con la Democracia, la Constituci\u00f3n Nacional y la Soberan\u00eda Popular.&nbsp;<\/p>\n\n\n<div class=\"wp-block-image\">\n<figure class=\"aligncenter size-large is-resized\"><img loading=\"lazy\" decoding=\"async\" src=\"https:\/\/www.granlogiaregularargentina.org\/glra\/wp-content\/uploads\/2022\/07\/WhatsApp-Image-2022-07-25-at-1.10.15-PM-1024x478.jpeg\" alt=\"\" class=\"wp-image-1380\" width=\"469\" height=\"219\" srcset=\"https:\/\/www.granlogiaregularargentina.org\/glra\/wp-content\/uploads\/2022\/07\/WhatsApp-Image-2022-07-25-at-1.10.15-PM-1024x478.jpeg 1024w, https:\/\/www.granlogiaregularargentina.org\/glra\/wp-content\/uploads\/2022\/07\/WhatsApp-Image-2022-07-25-at-1.10.15-PM-300x140.jpeg 300w, https:\/\/www.granlogiaregularargentina.org\/glra\/wp-content\/uploads\/2022\/07\/WhatsApp-Image-2022-07-25-at-1.10.15-PM-768x358.jpeg 768w, https:\/\/www.granlogiaregularargentina.org\/glra\/wp-content\/uploads\/2022\/07\/WhatsApp-Image-2022-07-25-at-1.10.15-PM.jpeg 1080w\" sizes=\"auto, (max-width: 469px) 100vw, 469px\" \/><figcaption>Magno Colegio de Ritos Francmas\u00f3nicos<\/figcaption><\/figure>\n<\/div>\n\n\n<p><\/p>\n\n\n\n<p>Para mayor informaci\u00f3n, podr\u00e1n solicitar informaci\u00f3n al +5491130111733<\/p>\n","protected":false},"excerpt":{"rendered":"<p>Llamado a la Defensa de la Constituci\u00f3n Nacional, la Democracia y los Derechos del Pueblo Desde la Masoner\u00eda Progresista, nucleados en la Gran Logia Regular Argentina por la Igualdad y la Libertad de la Humanidad y el Magno Colegio de Ritos Francmas\u00f3nicos, quiere manifestar su repudio al pronunciamiento antidemocr\u00e1tico del ex militar Aldo Rico a [&hellip;]<\/p>\n","protected":false},"author":1,"featured_media":1381,"comment_status":"closed","ping_status":"closed","sticky":false,"template":"","format":"standard","meta":{"footnotes":""},"categories":[9],"tags":[24],"class_list":["post-1379","post","type-post","status-publish","format-standard","has-post-thumbnail","hentry","category-comunicados-glra","tag-democracia"],"_links":{"self":[{"href":"https:\/\/www.granlogiaregularargentina.org\/glra\/wp-json\/wp\/v2\/posts\/1379","targetHints":{"allow":["GET"]}}],"collection":[{"href":"https:\/\/www.granlogiaregularargentina.org\/glra\/wp-json\/wp\/v2\/posts"}],"about":[{"href":"https:\/\/www.granlogiaregularargentina.org\/glra\/wp-json\/wp\/v2\/types\/post"}],"author":[{"embeddable":true,"href":"https:\/\/www.granlogiaregularargentina.org\/glra\/wp-json\/wp\/v2\/users\/1"}],"replies":[{"embeddable":true,"href":"https:\/\/www.granlogiaregularargentina.org\/glra\/wp-json\/wp\/v2\/comments?post=1379"}],"version-history":[{"count":1,"href":"https:\/\/www.granlogiaregularargentina.org\/glra\/wp-json\/wp\/v2\/posts\/1379\/revisions"}],"predecessor-version":[{"id":1382,"href":"https:\/\/www.granlogiaregularargentina.org\/glra\/wp-json\/wp\/v2\/posts\/1379\/revisions\/1382"}],"wp:featuredmedia":[{"embeddable":true,"href":"https:\/\/www.granlogiaregularargentina.org\/glra\/wp-json\/wp\/v2\/media\/1381"}],"wp:attachment":[{"href":"https:\/\/www.granlogiaregularargentina.org\/glra\/wp-json\/wp\/v2\/media?parent=1379"}],"wp:term":[{"taxonomy":"category","embeddable":true,"href":"https:\/\/www.granlogiaregularargentina.org\/glra\/wp-json\/wp\/v2\/categories?post=1379"},{"taxonomy":"post_tag","embeddable":true,"href":"https:\/\/www.granlogiaregularargentina.org\/glra\/wp-json\/wp\/v2\/tags?post=1379"}],"curies":[{"name":"wp","href":"https:\/\/api.w.org\/{rel}","templated":true}]}}