{"id":1393,"date":"2022-09-01T22:22:32","date_gmt":"2022-09-02T01:22:32","guid":{"rendered":"https:\/\/www.granlogiaregularargentina.org\/glra\/?p=1393"},"modified":"2022-09-01T22:22:33","modified_gmt":"2022-09-02T01:22:33","slug":"repudio-al-intento-de-magnicidio-a-la-vicepresidenta","status":"publish","type":"post","link":"https:\/\/www.granlogiaregularargentina.org\/glra\/blog\/2022\/09\/01\/repudio-al-intento-de-magnicidio-a-la-vicepresidenta\/","title":{"rendered":"Repudio al intento de magnicidio a la Vicepresidenta"},"content":{"rendered":"\n<figure class=\"wp-block-image size-large\"><img loading=\"lazy\" decoding=\"async\" width=\"1024\" height=\"581\" src=\"https:\/\/www.granlogiaregularargentina.org\/glra\/wp-content\/uploads\/2022\/09\/IMG-20220901-WA0049-1024x581.jpg\" alt=\"\" class=\"wp-image-1395\" srcset=\"https:\/\/www.granlogiaregularargentina.org\/glra\/wp-content\/uploads\/2022\/09\/IMG-20220901-WA0049-1024x581.jpg 1024w, https:\/\/www.granlogiaregularargentina.org\/glra\/wp-content\/uploads\/2022\/09\/IMG-20220901-WA0049-300x170.jpg 300w, https:\/\/www.granlogiaregularargentina.org\/glra\/wp-content\/uploads\/2022\/09\/IMG-20220901-WA0049-768x436.jpg 768w, https:\/\/www.granlogiaregularargentina.org\/glra\/wp-content\/uploads\/2022\/09\/IMG-20220901-WA0049.jpg 1280w\" sizes=\"auto, (max-width: 1024px) 100vw, 1024px\" \/><figcaption>Intento de Magnicidio<\/figcaption><\/figure>\n\n\n\n<p>La Gran Logia Regular Argentina por la Igualdad y Libertad de la Humanidad quiere manifestar su en\u00e9rgico repudio al intento de magnicidio a la Vicepresidenta Cristina Fern\u00e1ndez de Kirchner.<\/p>\n\n\n\n<p>C\u00f3mo masoner\u00eda debemos rechazar toda acci\u00f3n de violenta y de odio en la vida pol\u00edtica de nuestro pa\u00eds, especialmente bajo el respeto de las instituciones de las Instituciones de la Rep\u00fablica.<\/p>\n\n\n\n<p>El intento de asesinar a la Vicepresidenta atenta contra la Rep\u00fablica y convivencia democr\u00e1tica en Argentina. <\/p>\n\n\n\n<p>Invitamos a la comunidad pol\u00edtica, la sociedad argentina y especialmente a la fraternidad Mas\u00f3nica a repudiar el hecho y sumarse al trabajo de di\u00e1logo pol\u00edtico en b\u00fasqueda de la paz social como base de la Igualdad, la Libertad y la Solidaridad Humana.<\/p>\n\n\n\n<figure class=\"wp-block-image size-large\"><img loading=\"lazy\" decoding=\"async\" width=\"576\" height=\"1024\" src=\"https:\/\/www.granlogiaregularargentina.org\/glra\/wp-content\/uploads\/2022\/09\/IMG-20220901-WA0053-1-576x1024.jpg\" alt=\"\" class=\"wp-image-1396\" srcset=\"https:\/\/www.granlogiaregularargentina.org\/glra\/wp-content\/uploads\/2022\/09\/IMG-20220901-WA0053-1-576x1024.jpg 576w, https:\/\/www.granlogiaregularargentina.org\/glra\/wp-content\/uploads\/2022\/09\/IMG-20220901-WA0053-1-169x300.jpg 169w, https:\/\/www.granlogiaregularargentina.org\/glra\/wp-content\/uploads\/2022\/09\/IMG-20220901-WA0053-1.jpg 720w\" sizes=\"auto, (max-width: 576px) 100vw, 576px\" \/><\/figure>\n\n\n\n<p><\/p>\n\n\n\n<p><\/p>\n","protected":false},"excerpt":{"rendered":"<p>La Gran Logia Regular Argentina por la Igualdad y Libertad de la Humanidad quiere manifestar su en\u00e9rgico repudio al intento de magnicidio a la Vicepresidenta Cristina Fern\u00e1ndez de Kirchner. C\u00f3mo masoner\u00eda debemos rechazar toda acci\u00f3n de violenta y de odio en la vida pol\u00edtica de nuestro pa\u00eds, especialmente bajo el respeto de las instituciones de [&hellip;]<\/p>\n","protected":false},"author":1,"featured_media":1394,"comment_status":"closed","ping_status":"closed","sticky":false,"template":"","format":"standard","meta":{"footnotes":""},"categories":[9,12],"tags":[],"class_list":["post-1393","post","type-post","status-publish","format-standard","has-post-thumbnail","hentry","category-comunicados-glra","category-comunicados-sc33o"],"_links":{"self":[{"href":"https:\/\/www.granlogiaregularargentina.org\/glra\/wp-json\/wp\/v2\/posts\/1393","targetHints":{"allow":["GET"]}}],"collection":[{"href":"https:\/\/www.granlogiaregularargentina.org\/glra\/wp-json\/wp\/v2\/posts"}],"about":[{"href":"https:\/\/www.granlogiaregularargentina.org\/glra\/wp-json\/wp\/v2\/types\/post"}],"author":[{"embeddable":true,"href":"https:\/\/www.granlogiaregularargentina.org\/glra\/wp-json\/wp\/v2\/users\/1"}],"replies":[{"embeddable":true,"href":"https:\/\/www.granlogiaregularargentina.org\/glra\/wp-json\/wp\/v2\/comments?post=1393"}],"version-history":[{"count":1,"href":"https:\/\/www.granlogiaregularargentina.org\/glra\/wp-json\/wp\/v2\/posts\/1393\/revisions"}],"predecessor-version":[{"id":1397,"href":"https:\/\/www.granlogiaregularargentina.org\/glra\/wp-json\/wp\/v2\/posts\/1393\/revisions\/1397"}],"wp:featuredmedia":[{"embeddable":true,"href":"https:\/\/www.granlogiaregularargentina.org\/glra\/wp-json\/wp\/v2\/media\/1394"}],"wp:attachment":[{"href":"https:\/\/www.granlogiaregularargentina.org\/glra\/wp-json\/wp\/v2\/media?parent=1393"}],"wp:term":[{"taxonomy":"category","embeddable":true,"href":"https:\/\/www.granlogiaregularargentina.org\/glra\/wp-json\/wp\/v2\/categories?post=1393"},{"taxonomy":"post_tag","embeddable":true,"href":"https:\/\/www.granlogiaregularargentina.org\/glra\/wp-json\/wp\/v2\/tags?post=1393"}],"curies":[{"name":"wp","href":"https:\/\/api.w.org\/{rel}","templated":true}]}}