{"id":1508,"date":"2022-12-10T13:48:29","date_gmt":"2022-12-10T16:48:29","guid":{"rendered":"https:\/\/www.granlogiaregularargentina.org\/glra\/?p=1508"},"modified":"2022-12-10T14:31:46","modified_gmt":"2022-12-10T17:31:46","slug":"dia-internacional-de-los-derechos-humanos","status":"publish","type":"post","link":"https:\/\/www.granlogiaregularargentina.org\/glra\/blog\/2022\/12\/10\/dia-internacional-de-los-derechos-humanos\/","title":{"rendered":"DIA INTERNACIONAL DE LOS DERECHOS HUMANOS"},"content":{"rendered":"\n<figure class=\"wp-block-image size-full\"><img loading=\"lazy\" decoding=\"async\" width=\"940\" height=\"627\" src=\"https:\/\/www.granlogiaregularargentina.org\/glra\/wp-content\/uploads\/2022\/12\/image-2.png\" alt=\"\" class=\"wp-image-1509\" srcset=\"https:\/\/www.granlogiaregularargentina.org\/glra\/wp-content\/uploads\/2022\/12\/image-2.png 940w, https:\/\/www.granlogiaregularargentina.org\/glra\/wp-content\/uploads\/2022\/12\/image-2-300x200.png 300w, https:\/\/www.granlogiaregularargentina.org\/glra\/wp-content\/uploads\/2022\/12\/image-2-768x512.png 768w\" sizes=\"auto, (max-width: 940px) 100vw, 940px\" \/><\/figure>\n\n\n\n<p>Hoy, como cada 10 de diciembre, desde que la Organizaci\u00f3n de las Naciones Unidas adopt\u00f3 en 1948 la Declaraci\u00f3n Universal de los Derechos Humanos (DUDH), se celebra en todo el mundo el D\u00eda de los Derechos Humanos.<br>Esta fecha, tan especial para la Masoner\u00eda Universal, en tanto impulsora de la DUDH. En las d\u00e9cadas transcurridas desde su adopci\u00f3n, los derechos humanos han sido m\u00e1s reconocidos y garantizados en todo el mundo, como base para un sistema de protecci\u00f3n ampliado progresivamente, que hoy se centra tambi\u00e9n en grupos vulnerables como las personas con discapacidad, los pueblos originarios y las personas migrantes. Sin embargo, la promesa de la Declaraci\u00f3n de dignidad e igualdad de derechos para todas las personas, en los \u00faltimos a\u00f1os ha sido objeto de un ataque constante.<br>Cuando el mundo se enfrenta a desaf\u00edos nuevos y continuados \u2014como las pandemias, los conflictos b\u00e9licos, las desigualdades crecientes, la quiebra del sistema financiero mundial, el racismo y el cambio clim\u00e1tico\u2014, los valores y los derechos consagrados en la Declaraci\u00f3n, deben servirnos de gu\u00eda para nuestras acciones colectivas, con el prop\u00f3sito de no dejar a nadie atr\u00e1s.<br>yaDesde la Gran Logia Regular de la Argentina por la Igualdad y la Libertad de la Humanidad suscribimos como propias las palabras del Alto Comisionado de las Naciones Unidas para los Derechos Humanos, Volker T\u00fcrk:<\/p>\n\n\n\n<p>\u00abNo cabe ninguna duda que tenemos que recuperar la universalidad de los derechos humanos, la indivisibilidad de los mismos y encontrar una nueva energ\u00eda que motive a los y las j\u00f3venes de todo el mundo.\u00bb<\/p>\n\n\n\n<p>En este sentido, nos comprometemos a redoblar nuestros esfuerzos para concientizar y sensibilizar a la juventud de nuestro pa\u00eds sobre la urgente necesidad de recuperar el respeto por el disenso y la diversidad, la cultura de la asertividad y la aceptaci\u00f3n de las diferencias que nos enriquecen como sociedad.<br>Por ello adherimos a la campa\u00f1a de Naciones Unidas para dar a conocer la Declaraci\u00f3n Universal de los Derechos Humanos, con foco en su legado y relevancia, que comenzando hoy, culminar\u00e1 en 2023 con la celebraci\u00f3n del 75\u00b0 Aniversario de la adopci\u00f3n de la DUDH.<\/p>\n\n\n\n<p><\/p>\n\n\n\n<p><\/p>\n\n\n\n<p><\/p>\n\n\n\n<figure class=\"wp-block-image size-full is-resized\"><img loading=\"lazy\" decoding=\"async\" src=\"https:\/\/www.granlogiaregularargentina.org\/glra\/wp-content\/uploads\/2021\/03\/image-9.png\" alt=\"\" class=\"wp-image-860\" width=\"373\" height=\"71\" srcset=\"https:\/\/www.granlogiaregularargentina.org\/glra\/wp-content\/uploads\/2021\/03\/image-9.png 545w, https:\/\/www.granlogiaregularargentina.org\/glra\/wp-content\/uploads\/2021\/03\/image-9-300x58.png 300w\" sizes=\"auto, (max-width: 373px) 100vw, 373px\" \/><\/figure>\n\n\n\n<p><\/p>\n\n\n\n<p>Gran Logia Regular de la Argentina<br>por la Igualdad y la Libertad de la Humanidad<\/p>\n","protected":false},"excerpt":{"rendered":"<p>Hoy, como cada 10 de diciembre, desde que la Organizaci\u00f3n de las Naciones Unidas adopt\u00f3 en 1948 la Declaraci\u00f3n Universal de los Derechos Humanos (DUDH), se celebra en todo el mundo el D\u00eda de los Derechos Humanos.Esta fecha, tan especial para la Masoner\u00eda Universal, en tanto impulsora de la DUDH. En las d\u00e9cadas transcurridas desde [&hellip;]<\/p>\n","protected":false},"author":1,"featured_media":1510,"comment_status":"closed","ping_status":"closed","sticky":false,"template":"","format":"standard","meta":{"footnotes":""},"categories":[9,12,44],"tags":[],"class_list":["post-1508","post","type-post","status-publish","format-standard","has-post-thumbnail","hentry","category-comunicados-glra","category-comunicados-sc33o","category-conmemoraciones"],"_links":{"self":[{"href":"https:\/\/www.granlogiaregularargentina.org\/glra\/wp-json\/wp\/v2\/posts\/1508","targetHints":{"allow":["GET"]}}],"collection":[{"href":"https:\/\/www.granlogiaregularargentina.org\/glra\/wp-json\/wp\/v2\/posts"}],"about":[{"href":"https:\/\/www.granlogiaregularargentina.org\/glra\/wp-json\/wp\/v2\/types\/post"}],"author":[{"embeddable":true,"href":"https:\/\/www.granlogiaregularargentina.org\/glra\/wp-json\/wp\/v2\/users\/1"}],"replies":[{"embeddable":true,"href":"https:\/\/www.granlogiaregularargentina.org\/glra\/wp-json\/wp\/v2\/comments?post=1508"}],"version-history":[{"count":2,"href":"https:\/\/www.granlogiaregularargentina.org\/glra\/wp-json\/wp\/v2\/posts\/1508\/revisions"}],"predecessor-version":[{"id":1513,"href":"https:\/\/www.granlogiaregularargentina.org\/glra\/wp-json\/wp\/v2\/posts\/1508\/revisions\/1513"}],"wp:featuredmedia":[{"embeddable":true,"href":"https:\/\/www.granlogiaregularargentina.org\/glra\/wp-json\/wp\/v2\/media\/1510"}],"wp:attachment":[{"href":"https:\/\/www.granlogiaregularargentina.org\/glra\/wp-json\/wp\/v2\/media?parent=1508"}],"wp:term":[{"taxonomy":"category","embeddable":true,"href":"https:\/\/www.granlogiaregularargentina.org\/glra\/wp-json\/wp\/v2\/categories?post=1508"},{"taxonomy":"post_tag","embeddable":true,"href":"https:\/\/www.granlogiaregularargentina.org\/glra\/wp-json\/wp\/v2\/tags?post=1508"}],"curies":[{"name":"wp","href":"https:\/\/api.w.org\/{rel}","templated":true}]}}