{"id":1520,"date":"2022-12-21T10:58:15","date_gmt":"2022-12-21T13:58:15","guid":{"rendered":"https:\/\/www.granlogiaregularargentina.org\/glra\/?p=1520"},"modified":"2022-12-29T13:50:54","modified_gmt":"2022-12-29T16:50:54","slug":"feliz-solsticio-de-verano-2022","status":"publish","type":"post","link":"https:\/\/www.granlogiaregularargentina.org\/glra\/blog\/2022\/12\/21\/feliz-solsticio-de-verano-2022\/","title":{"rendered":"Feliz Solsticio de Verano 2022"},"content":{"rendered":"\n<p>QQHHTT:. Celebramos hoy el inicio de un nuevo ciclo, con la aproximaci\u00f3n del Sol a nuestro planeta, tray\u00e9ndonos la promesa de la renovaci\u00f3n de la Vida. As\u00ed como en la antig\u00fcedad, nuestros ancestros anhelaban la llegada de nuevas energ\u00edas, que se tradujeran en buenas cosechas y mejores labranzas, hoy esperamos que una nueva Fuerza vigorice nuestros Trabajos, aportando m\u00e1s Belleza y mucha Sabidur\u00eda a este mundo cada vez m\u00e1s complejo, en el que parecen imponerse la discordia y la intolerancia por sobre el consenso y la asertividad. Es una fecha oportuna para renovar nuestro compromiso con la Orden, para colaborar con los nobles prop\u00f3sitos que nos hemos fijado: trabajar en pos de la Igualdad y la Libertad de la humanidad, combatiendo la Ignorancia, la Hipocres\u00eda y la Ambici\u00f3n que tanto da\u00f1o producen a nuestra sociedad.<\/p>\n","protected":false},"excerpt":{"rendered":"<p>QQHHTT:. Celebramos hoy el inicio de un nuevo ciclo, con la aproximaci\u00f3n del Sol a nuestro planeta, tray\u00e9ndonos la promesa de la renovaci\u00f3n de la Vida. As\u00ed como en la antig\u00fcedad, nuestros ancestros anhelaban la llegada de nuevas energ\u00edas, que se tradujeran en buenas cosechas y mejores labranzas, hoy esperamos que una nueva Fuerza vigorice [&hellip;]<\/p>\n","protected":false},"author":1,"featured_media":1521,"comment_status":"closed","ping_status":"closed","sticky":false,"template":"","format":"standard","meta":{"footnotes":""},"categories":[9,12],"tags":[111],"class_list":["post-1520","post","type-post","status-publish","format-standard","has-post-thumbnail","hentry","category-comunicados-glra","category-comunicados-sc33o","tag-solsticio-de-verano"],"_links":{"self":[{"href":"https:\/\/www.granlogiaregularargentina.org\/glra\/wp-json\/wp\/v2\/posts\/1520","targetHints":{"allow":["GET"]}}],"collection":[{"href":"https:\/\/www.granlogiaregularargentina.org\/glra\/wp-json\/wp\/v2\/posts"}],"about":[{"href":"https:\/\/www.granlogiaregularargentina.org\/glra\/wp-json\/wp\/v2\/types\/post"}],"author":[{"embeddable":true,"href":"https:\/\/www.granlogiaregularargentina.org\/glra\/wp-json\/wp\/v2\/users\/1"}],"replies":[{"embeddable":true,"href":"https:\/\/www.granlogiaregularargentina.org\/glra\/wp-json\/wp\/v2\/comments?post=1520"}],"version-history":[{"count":1,"href":"https:\/\/www.granlogiaregularargentina.org\/glra\/wp-json\/wp\/v2\/posts\/1520\/revisions"}],"predecessor-version":[{"id":1522,"href":"https:\/\/www.granlogiaregularargentina.org\/glra\/wp-json\/wp\/v2\/posts\/1520\/revisions\/1522"}],"wp:featuredmedia":[{"embeddable":true,"href":"https:\/\/www.granlogiaregularargentina.org\/glra\/wp-json\/wp\/v2\/media\/1521"}],"wp:attachment":[{"href":"https:\/\/www.granlogiaregularargentina.org\/glra\/wp-json\/wp\/v2\/media?parent=1520"}],"wp:term":[{"taxonomy":"category","embeddable":true,"href":"https:\/\/www.granlogiaregularargentina.org\/glra\/wp-json\/wp\/v2\/categories?post=1520"},{"taxonomy":"post_tag","embeddable":true,"href":"https:\/\/www.granlogiaregularargentina.org\/glra\/wp-json\/wp\/v2\/tags?post=1520"}],"curies":[{"name":"wp","href":"https:\/\/api.w.org\/{rel}","templated":true}]}}