{"id":1589,"date":"2023-03-28T22:27:25","date_gmt":"2023-03-29T01:27:25","guid":{"rendered":"https:\/\/www.granlogiaregularargentina.org\/glra\/?p=1589"},"modified":"2023-03-28T22:27:26","modified_gmt":"2023-03-29T01:27:26","slug":"repudio-ataque-neofascista","status":"publish","type":"post","link":"https:\/\/www.granlogiaregularargentina.org\/glra\/blog\/2023\/03\/28\/repudio-ataque-neofascista\/","title":{"rendered":"Repudio Ataque Neofascista"},"content":{"rendered":"\n<p>La Gran Logia Regular Argentina por la Igualdad y Libertad de la Humanidad expresa su repudio al ataque sufrido el local de Izquierda Socialista en la Ciudad de la Plata por un grupo de ultraderecha referenciado en el Diputado Nacional Javier Milei.<\/p>\n\n\n\n<p>Consideramos inadmisible la violencia en la pol\u00edtica, donde este hecho es expresi\u00f3n del neofascismo, que con mensajes de odio y amenazas de muerte, ponen en peligro el di\u00e1logo y las instituciones como forma pol\u00edtica de la Democracia.&nbsp;<\/p>\n\n\n\n<p>Siendo la Igualdad, la Libertad y la Solidaridad humana nuestros pilares de conducta social, es que llamamos a la ciudadan\u00eda argentina y a la comunidad Mas\u00f3nica a repudiar toda acci\u00f3n que implique la violencia como m\u00e9todo.&nbsp;<\/p>\n","protected":false},"excerpt":{"rendered":"<p>La Gran Logia Regular Argentina por la Igualdad y Libertad de la Humanidad expresa su repudio al ataque sufrido el local de Izquierda Socialista en la Ciudad de la Plata por un grupo de ultraderecha referenciado en el Diputado Nacional Javier Milei. Consideramos inadmisible la violencia en la pol\u00edtica, donde este hecho es expresi\u00f3n del [&hellip;]<\/p>\n","protected":false},"author":1,"featured_media":1590,"comment_status":"closed","ping_status":"closed","sticky":false,"template":"","format":"standard","meta":{"footnotes":""},"categories":[9],"tags":[115],"class_list":["post-1589","post","type-post","status-publish","format-standard","has-post-thumbnail","hentry","category-comunicados-glra","tag-repudio-violencia-politica"],"_links":{"self":[{"href":"https:\/\/www.granlogiaregularargentina.org\/glra\/wp-json\/wp\/v2\/posts\/1589","targetHints":{"allow":["GET"]}}],"collection":[{"href":"https:\/\/www.granlogiaregularargentina.org\/glra\/wp-json\/wp\/v2\/posts"}],"about":[{"href":"https:\/\/www.granlogiaregularargentina.org\/glra\/wp-json\/wp\/v2\/types\/post"}],"author":[{"embeddable":true,"href":"https:\/\/www.granlogiaregularargentina.org\/glra\/wp-json\/wp\/v2\/users\/1"}],"replies":[{"embeddable":true,"href":"https:\/\/www.granlogiaregularargentina.org\/glra\/wp-json\/wp\/v2\/comments?post=1589"}],"version-history":[{"count":2,"href":"https:\/\/www.granlogiaregularargentina.org\/glra\/wp-json\/wp\/v2\/posts\/1589\/revisions"}],"predecessor-version":[{"id":1593,"href":"https:\/\/www.granlogiaregularargentina.org\/glra\/wp-json\/wp\/v2\/posts\/1589\/revisions\/1593"}],"wp:featuredmedia":[{"embeddable":true,"href":"https:\/\/www.granlogiaregularargentina.org\/glra\/wp-json\/wp\/v2\/media\/1590"}],"wp:attachment":[{"href":"https:\/\/www.granlogiaregularargentina.org\/glra\/wp-json\/wp\/v2\/media?parent=1589"}],"wp:term":[{"taxonomy":"category","embeddable":true,"href":"https:\/\/www.granlogiaregularargentina.org\/glra\/wp-json\/wp\/v2\/categories?post=1589"},{"taxonomy":"post_tag","embeddable":true,"href":"https:\/\/www.granlogiaregularargentina.org\/glra\/wp-json\/wp\/v2\/tags?post=1589"}],"curies":[{"name":"wp","href":"https:\/\/api.w.org\/{rel}","templated":true}]}}