{"id":1612,"date":"2023-05-26T17:08:51","date_gmt":"2023-05-26T20:08:51","guid":{"rendered":"https:\/\/www.granlogiaregularargentina.org\/glra\/?p=1612"},"modified":"2023-05-26T17:13:50","modified_gmt":"2023-05-26T20:13:50","slug":"homenaje-al-q-h-alfredo-bravo-en-o-e","status":"publish","type":"post","link":"https:\/\/www.granlogiaregularargentina.org\/glra\/blog\/2023\/05\/26\/homenaje-al-q-h-alfredo-bravo-en-o-e\/","title":{"rendered":"Homenaje al Q:. H:.  Alfredo Bravo en O:. E:."},"content":{"rendered":"\n<p>La Augusta y Respetable Logia Alfredo Palacios N \u00b0 3, bajos los auspicios de la Gran Logia Regular Argentina por la Igualdad y Libertad de la Humanidad, quiere rendir homenaje al Q:. H:. Alfredo Bravo a 20 a\u00f1os de su pase a O:. E:..<\/p>\n\n\n\n<p>Iniciado en la Logia \u00abEl F\u00e9nix\u00bb del Gran Oriente Federal Argentino, el Q:. H:. Alfredo Bravo siempre tuvo un compromiso por la Igualdad Humana. <\/p>\n\n\n\n<p>Ejerci\u00f3 la Docencia, desde donde comenz\u00f3 su defensa por los derechos de sus compa\u00f1eros desde el \u00e1mbito sindical hasta alcanzar una ardua lucha por los DDHH, habiendo padecido la tortura del Terrorismo de Estado. <\/p>\n\n\n\n<p>Inclaudicable, sigui\u00f3 su lucha pol\u00edtica desde el Partido Socialista Democr\u00e1tico y propici\u00f3 la Unidad del Partido Socialista, por el que fue candidato a Presidente en 2003.<\/p>\n\n\n\n<p>Junto a los QQHH Alfredo Palacios, Sim\u00f3n L\u00e1zara y Emilio Corbiere, el QH Alfredo Bravo dejan un importante legado en la construcci\u00f3n de una sociedad m\u00e1s justa e igualitaria. <\/p>\n\n\n\n<p>Por eso, \u00e9sta plancha grabada pretende tenerlos siempre presente en O:. E:.<\/p>\n\n\n\n<figure class=\"wp-block-image size-full\"><img loading=\"lazy\" decoding=\"async\" width=\"545\" height=\"105\" src=\"https:\/\/www.granlogiaregularargentina.org\/glra\/wp-content\/uploads\/2021\/03\/image-11.png\" alt=\"\" class=\"wp-image-866\" srcset=\"https:\/\/www.granlogiaregularargentina.org\/glra\/wp-content\/uploads\/2021\/03\/image-11.png 545w, https:\/\/www.granlogiaregularargentina.org\/glra\/wp-content\/uploads\/2021\/03\/image-11-300x58.png 300w\" sizes=\"auto, (max-width: 545px) 100vw, 545px\" \/><\/figure>\n\n\n\n<p><\/p>\n","protected":false},"excerpt":{"rendered":"<p>La Augusta y Respetable Logia Alfredo Palacios N \u00b0 3, bajos los auspicios de la Gran Logia Regular Argentina por la Igualdad y Libertad de la Humanidad, quiere rendir homenaje al Q:. H:. Alfredo Bravo a 20 a\u00f1os de su pase a O:. E:.. Iniciado en la Logia \u00abEl F\u00e9nix\u00bb del Gran Oriente Federal Argentino, [&hellip;]<\/p>\n","protected":false},"author":1,"featured_media":1614,"comment_status":"closed","ping_status":"closed","sticky":false,"template":"","format":"standard","meta":{"footnotes":""},"categories":[44,34],"tags":[],"class_list":["post-1612","post","type-post","status-publish","format-standard","has-post-thumbnail","hentry","category-conmemoraciones","category-in-memorian"],"_links":{"self":[{"href":"https:\/\/www.granlogiaregularargentina.org\/glra\/wp-json\/wp\/v2\/posts\/1612","targetHints":{"allow":["GET"]}}],"collection":[{"href":"https:\/\/www.granlogiaregularargentina.org\/glra\/wp-json\/wp\/v2\/posts"}],"about":[{"href":"https:\/\/www.granlogiaregularargentina.org\/glra\/wp-json\/wp\/v2\/types\/post"}],"author":[{"embeddable":true,"href":"https:\/\/www.granlogiaregularargentina.org\/glra\/wp-json\/wp\/v2\/users\/1"}],"replies":[{"embeddable":true,"href":"https:\/\/www.granlogiaregularargentina.org\/glra\/wp-json\/wp\/v2\/comments?post=1612"}],"version-history":[{"count":3,"href":"https:\/\/www.granlogiaregularargentina.org\/glra\/wp-json\/wp\/v2\/posts\/1612\/revisions"}],"predecessor-version":[{"id":1618,"href":"https:\/\/www.granlogiaregularargentina.org\/glra\/wp-json\/wp\/v2\/posts\/1612\/revisions\/1618"}],"wp:featuredmedia":[{"embeddable":true,"href":"https:\/\/www.granlogiaregularargentina.org\/glra\/wp-json\/wp\/v2\/media\/1614"}],"wp:attachment":[{"href":"https:\/\/www.granlogiaregularargentina.org\/glra\/wp-json\/wp\/v2\/media?parent=1612"}],"wp:term":[{"taxonomy":"category","embeddable":true,"href":"https:\/\/www.granlogiaregularargentina.org\/glra\/wp-json\/wp\/v2\/categories?post=1612"},{"taxonomy":"post_tag","embeddable":true,"href":"https:\/\/www.granlogiaregularargentina.org\/glra\/wp-json\/wp\/v2\/tags?post=1612"}],"curies":[{"name":"wp","href":"https:\/\/api.w.org\/{rel}","templated":true}]}}