{"id":176,"date":"2019-09-20T12:12:34","date_gmt":"2019-09-20T15:12:34","guid":{"rendered":"https:\/\/www.granlogiaregularargentina.org\/glra\/?p=176"},"modified":"2019-11-13T00:10:04","modified_gmt":"2019-11-13T03:10:04","slug":"20-de-septiembre-dia-internacional-del-librepensamiento","status":"publish","type":"post","link":"https:\/\/www.granlogiaregularargentina.org\/glra\/blog\/2019\/09\/20\/20-de-septiembre-dia-internacional-del-librepensamiento\/","title":{"rendered":"20 de septiembre &#8211; D\u00eda Internacional del Librepensamiento"},"content":{"rendered":"\n<figure class=\"wp-block-image\"><img loading=\"lazy\" decoding=\"async\" width=\"700\" height=\"533\" src=\"https:\/\/www.granlogiaregularargentina.org\/glra\/wp-content\/uploads\/2019\/09\/Laicite.jpg\" alt=\"\" class=\"wp-image-177\" srcset=\"https:\/\/www.granlogiaregularargentina.org\/glra\/wp-content\/uploads\/2019\/09\/Laicite.jpg 700w, https:\/\/www.granlogiaregularargentina.org\/glra\/wp-content\/uploads\/2019\/09\/Laicite-300x228.jpg 300w\" sizes=\"auto, (max-width: 700px) 100vw, 700px\" \/><\/figure>\n\n\n\n<p>  <\/p>\n\n\n\n<p>La Gran Logia Regular de la Argentina anima a la ciudadan\u00eda y a los poderes p\u00fablicos a celebrar el D\u00eda Mundial del Librepensamiento, en un momento de retroceso de las libertades individuales, de graves recortes sociales y del debilitamiento de las democracias en la regi\u00f3n. <\/p>\n\n\n\n<p>Esta fecha conmemora la toma de Roma, en 1870 por las fuerzas de la unificaci\u00f3n de Italia, lo que signific\u00f3 la ca\u00edda definitiva del poder temporal del papado y de sus reg\u00edmenes pol\u00edticos de \u201cderecho divino\u201d. Signific\u00f3, tambi\u00e9n, un triunfo para las fuerzas democr\u00e1ticas, republicanas y laicas del mundo. <\/p>\n\n\n\n<p>El proyecto laicista, emancipador de los seres humanos de toda forma de opresi\u00f3n ideol\u00f3gica, se une a la celebraci\u00f3n de millones de librepensadores de todo el mundo, que en este dia celebrar\u00e1n, como un homenaje a los hombres y mujeres combatientes de la libertad y de la fraternidad entre los seres humanos y los pueblos. <\/p>\n\n\n\n<p>Juan Jos\u00e9 Castelli 33\u00ba Ser:. Gran Maestre <\/p>\n\n\n\n<p>Richard Da Silva 33\u00ba Sob:. Gran Comendador <\/p>\n","protected":false},"excerpt":{"rendered":"<p>La Gran Logia Regular de la Argentina anima a la ciudadan\u00eda y a los poderes p\u00fablicos a celebrar el D\u00eda Mundial del Librepensamiento, en un momento de retroceso de las libertades individuales, de graves recortes sociales y del debilitamiento de las democracias en la regi\u00f3n. Esta fecha conmemora la toma de Roma, en 1870 por [&hellip;]<\/p>\n","protected":false},"author":1,"featured_media":0,"comment_status":"closed","ping_status":"closed","sticky":false,"template":"","format":"standard","meta":{"footnotes":""},"categories":[9],"tags":[],"class_list":["post-176","post","type-post","status-publish","format-standard","hentry","category-comunicados-glra"],"_links":{"self":[{"href":"https:\/\/www.granlogiaregularargentina.org\/glra\/wp-json\/wp\/v2\/posts\/176","targetHints":{"allow":["GET"]}}],"collection":[{"href":"https:\/\/www.granlogiaregularargentina.org\/glra\/wp-json\/wp\/v2\/posts"}],"about":[{"href":"https:\/\/www.granlogiaregularargentina.org\/glra\/wp-json\/wp\/v2\/types\/post"}],"author":[{"embeddable":true,"href":"https:\/\/www.granlogiaregularargentina.org\/glra\/wp-json\/wp\/v2\/users\/1"}],"replies":[{"embeddable":true,"href":"https:\/\/www.granlogiaregularargentina.org\/glra\/wp-json\/wp\/v2\/comments?post=176"}],"version-history":[{"count":1,"href":"https:\/\/www.granlogiaregularargentina.org\/glra\/wp-json\/wp\/v2\/posts\/176\/revisions"}],"predecessor-version":[{"id":178,"href":"https:\/\/www.granlogiaregularargentina.org\/glra\/wp-json\/wp\/v2\/posts\/176\/revisions\/178"}],"wp:attachment":[{"href":"https:\/\/www.granlogiaregularargentina.org\/glra\/wp-json\/wp\/v2\/media?parent=176"}],"wp:term":[{"taxonomy":"category","embeddable":true,"href":"https:\/\/www.granlogiaregularargentina.org\/glra\/wp-json\/wp\/v2\/categories?post=176"},{"taxonomy":"post_tag","embeddable":true,"href":"https:\/\/www.granlogiaregularargentina.org\/glra\/wp-json\/wp\/v2\/tags?post=176"}],"curies":[{"name":"wp","href":"https:\/\/api.w.org\/{rel}","templated":true}]}}