{"id":1813,"date":"2025-04-21T17:56:10","date_gmt":"2025-04-21T20:56:10","guid":{"rendered":"https:\/\/www.granlogiaregularargentina.org\/glra\/?p=1813"},"modified":"2025-04-21T23:11:15","modified_gmt":"2025-04-22T02:11:15","slug":"comunicado-ante-el-fallecimiento-del-papa-francisco","status":"publish","type":"post","link":"https:\/\/www.granlogiaregularargentina.org\/glra\/blog\/2025\/04\/21\/comunicado-ante-el-fallecimiento-del-papa-francisco\/","title":{"rendered":"Comunicado ante el fallecimiento del Papa Francisco"},"content":{"rendered":"\n<p>Comunicado ante el fallecimiento del Papa Francisco<\/p>\n\n\n\n<p>La Gran Logia Regular de la Argentina por la Libertad y la Igualdad de la Humanidad lamenta profundamente el fallecimiento del Papa Francisco y expresa sus m\u00e1s sinceras condolencias a la comunidad cat\u00f3lica en Argentina y en todo el mundo. Reconocemos en \u00e9l a un l\u00edder espiritual de Occidente que trascendi\u00f3 fronteras religiosas y promovi\u00f3 el di\u00e1logo interreligioso como camino hacia la paz y la comprensi\u00f3n mutua.<\/p>\n\n\n\n<figure class=\"wp-block-image size-full\"><img loading=\"lazy\" decoding=\"async\" width=\"1024\" height=\"1024\" src=\"https:\/\/www.granlogiaregularargentina.org\/glra\/wp-content\/uploads\/2025\/04\/1000260160.jpg\" alt=\"\" class=\"wp-image-1816\" srcset=\"https:\/\/www.granlogiaregularargentina.org\/glra\/wp-content\/uploads\/2025\/04\/1000260160.jpg 1024w, https:\/\/www.granlogiaregularargentina.org\/glra\/wp-content\/uploads\/2025\/04\/1000260160-300x300.jpg 300w, https:\/\/www.granlogiaregularargentina.org\/glra\/wp-content\/uploads\/2025\/04\/1000260160-150x150.jpg 150w, https:\/\/www.granlogiaregularargentina.org\/glra\/wp-content\/uploads\/2025\/04\/1000260160-768x768.jpg 768w\" sizes=\"auto, (max-width: 1024px) 100vw, 1024px\" \/><\/figure>\n\n\n\n<p>Su Santidad Francisco fue un hito en la historia de la Iglesia Cat\u00f3lica al ser el primer Papa latinoamericano y argentino, llevando consigo la riqueza cultural y las problem\u00e1ticas sociales de nuestra regi\u00f3n. Su papado se caracteriz\u00f3 por un compromiso inquebrantable con los m\u00e1s vulnerables, la defensa de la justicia social y la promoci\u00f3n de una Iglesia m\u00e1s inclusiva y cercana a la gente. Destacamos sus esfuerzos por reformar las finanzas vaticanas, su lucha contra el abuso sexual y su llamado a cuidar el medio ambiente.<\/p>\n\n\n\n<p>Desde la Presidencia de la Uni\u00f3n Mas\u00f3nica Mundial, tuvimos el honor de dirigirnos a Su Santidad Francisco, solicit\u00e1ndole reconsiderar la excomuni\u00f3n que pesa sobre los masones desde 1738. Confiamos en que su legado de apertura y di\u00e1logo inspire a futuros l\u00edderes religiosos a construir puentes de entendimiento entre diferentes corrientes de pensamiento, permitiendo a los creyentes adherir sin reservas a nuestra Augusta Orden.<\/p>\n\n\n\n<p>Aspiramos a que el sucesor de Francisco contin\u00fae su obra progresista y democratizadora, profundizando el camino de renovaci\u00f3n que \u00e9l inici\u00f3. Que su ejemplo ilumine a la Iglesia Cat\u00f3lica en su misi\u00f3n de servicio a la humanidad y en la b\u00fasqueda de un mundo m\u00e1s justo, fraterno y solidario para todos.<\/p>\n","protected":false},"excerpt":{"rendered":"<p>Comunicado ante el fallecimiento del Papa Francisco La Gran Logia Regular de la Argentina por la Libertad y la Igualdad de la Humanidad lamenta profundamente el fallecimiento del Papa Francisco y expresa sus m\u00e1s sinceras condolencias a la comunidad cat\u00f3lica en Argentina y en todo el mundo. Reconocemos en \u00e9l a un l\u00edder espiritual de [&hellip;]<\/p>\n","protected":false},"author":1,"featured_media":1814,"comment_status":"closed","ping_status":"closed","sticky":false,"template":"","format":"standard","meta":{"footnotes":""},"categories":[9,12,34],"tags":[31],"class_list":["post-1813","post","type-post","status-publish","format-standard","has-post-thumbnail","hentry","category-comunicados-glra","category-comunicados-sc33o","category-in-memorian","tag-papa-francisco"],"_links":{"self":[{"href":"https:\/\/www.granlogiaregularargentina.org\/glra\/wp-json\/wp\/v2\/posts\/1813","targetHints":{"allow":["GET"]}}],"collection":[{"href":"https:\/\/www.granlogiaregularargentina.org\/glra\/wp-json\/wp\/v2\/posts"}],"about":[{"href":"https:\/\/www.granlogiaregularargentina.org\/glra\/wp-json\/wp\/v2\/types\/post"}],"author":[{"embeddable":true,"href":"https:\/\/www.granlogiaregularargentina.org\/glra\/wp-json\/wp\/v2\/users\/1"}],"replies":[{"embeddable":true,"href":"https:\/\/www.granlogiaregularargentina.org\/glra\/wp-json\/wp\/v2\/comments?post=1813"}],"version-history":[{"count":2,"href":"https:\/\/www.granlogiaregularargentina.org\/glra\/wp-json\/wp\/v2\/posts\/1813\/revisions"}],"predecessor-version":[{"id":1817,"href":"https:\/\/www.granlogiaregularargentina.org\/glra\/wp-json\/wp\/v2\/posts\/1813\/revisions\/1817"}],"wp:featuredmedia":[{"embeddable":true,"href":"https:\/\/www.granlogiaregularargentina.org\/glra\/wp-json\/wp\/v2\/media\/1814"}],"wp:attachment":[{"href":"https:\/\/www.granlogiaregularargentina.org\/glra\/wp-json\/wp\/v2\/media?parent=1813"}],"wp:term":[{"taxonomy":"category","embeddable":true,"href":"https:\/\/www.granlogiaregularargentina.org\/glra\/wp-json\/wp\/v2\/categories?post=1813"},{"taxonomy":"post_tag","embeddable":true,"href":"https:\/\/www.granlogiaregularargentina.org\/glra\/wp-json\/wp\/v2\/tags?post=1813"}],"curies":[{"name":"wp","href":"https:\/\/api.w.org\/{rel}","templated":true}]}}