{"id":183,"date":"2019-10-31T15:34:34","date_gmt":"2019-10-31T18:34:34","guid":{"rendered":"https:\/\/www.granlogiaregularargentina.org\/glra\/?p=183"},"modified":"2019-11-13T00:07:23","modified_gmt":"2019-11-13T03:07:23","slug":"el-pelle-masoneria-simbolismo-y-arquitectura","status":"publish","type":"post","link":"https:\/\/www.granlogiaregularargentina.org\/glra\/blog\/2019\/10\/31\/el-pelle-masoneria-simbolismo-y-arquitectura\/","title":{"rendered":"El Pelle. Masoner\u00eda, simbolismo y arquitectura"},"content":{"rendered":"\n<p><strong>Noche de los Museos 2019<\/strong><br><strong>\u201cEl Pelle. Masoner\u00eda, simbolismo y arquitectura\u201d *<\/strong><br><br>\n\npor Ricardo Romero.<strong>**<\/strong><br>\n\nEl recorrido propone destacar la presencia mas\u00f3nica en el Pellegrini a partir de marcar masones, simbolismo y destaque arquitect\u00f3nico presente en el edificio de la sede la Escuela Superior de Comercio Carlos Pellegrini.\n\n<br>\n\nEl&nbsp;<strong>19 de febrero de 1890<\/strong>&nbsp;mediante un decreto del&nbsp;<strong>Carlos Pellegrini<\/strong>&nbsp;&#8211; Vicepresidente en ejercicio del Poder Ejecutivo- se cre\u00f3 la&nbsp;<strong>\u00abEscuela de Comercio de la Capital de la Rep\u00fablica\u00bb,&nbsp;<\/strong>que comenz\u00f3 a funcionar en un edificio de Alsina 1552.\n\n&nbsp;&nbsp;<br>En&nbsp;<strong>1905&nbsp;<\/strong>se autoriz\u00f3 la adquisici\u00f3n del terreno ubicado en la calle<strong>&nbsp;Charcas (hoy Marcelo T. de Alvear<\/strong>) entre&nbsp;<strong>Callao y R\u00edobamba<\/strong>&nbsp;que se inaugurar\u00eda en&nbsp;<strong>1909&nbsp;<\/strong>y en el que funciona actualmente.<br><br><br><\/p>\n\n\n\n<figure class=\"wp-block-image\"><img decoding=\"async\" src=\"https:\/\/mail.google.com\/mail\/u\/0?ui=2&amp;ik=6dd51f43a2&amp;attid=0.1&amp;permmsgid=msg-a:r5686495337819174973&amp;th=16e22e7649eab74b&amp;view=fimg&amp;sz=s0-l75-ft&amp;attbid=ANGjdJ-hcinqR0x4mYEgAZR7X6Y9tVNjrFKhqcUJkzfGk-xGPPjgkNefF1-mKWbUrZGagIladGscZ9gAreUhgHWaYQgijaJnxPRFxvv_56-cmbvyoGuRNMiJbtQNKhA&amp;disp=emb&amp;realattid=ii_k2ezs7od0\" alt=\"image.png\"\/><\/figure>\n\n\n\n<p>\n\n\nSu Arquitecto Gino Aloisi, aquitecto italiano, aporta con su estilo al proceso de modernizaci\u00f3n arquitect\u00f3nica que viv\u00eda Argentina de principio de siglo XX de cara al Centenario de la Revoluci\u00f3n de Mayo.\n\n<br><strong>Frente<\/strong><br><\/p>\n\n\n\n<figure class=\"wp-block-image\"><a href=\"https:\/\/1.bp.blogspot.com\/-hzOuRr8DL-k\/XbrvCfzQKnI\/AAAAAAAAPhE\/K1LtRAGyIeIa_oqXGMJzmQSzH-m7dJNnQCLcBGAsYHQ\/s1600\/Fachada.jpg\" target=\"_blank\" rel=\"noreferrer noopener\"><img decoding=\"async\" src=\"https:\/\/1.bp.blogspot.com\/-hzOuRr8DL-k\/XbrvCfzQKnI\/AAAAAAAAPhE\/K1LtRAGyIeIa_oqXGMJzmQSzH-m7dJNnQCLcBGAsYHQ\/s320\/Fachada.jpg\" alt=\"\"\/><\/a><\/figure>\n\n\n\n\n\n<p>\nComo frente se puede observar un esquema sim\u00e9trico de un centro con costados de 7 ventanas a cada lado, cuya numerolog\u00eda refiere a la conformaci\u00f3n de la Logia Justa y Perfecta.\n\n<br><strong>Puerta de Ingreso<\/strong><strong><\/strong><\/p>\n\n\n\n<figure class=\"wp-block-image\"><a href=\"https:\/\/1.bp.blogspot.com\/-kQbcRChboRE\/XbrvHp_M0CI\/AAAAAAAAPhI\/JS2_yO35eoUyRAw2uHi_Zl5ouJKGQp-SACLcBGAsYHQ\/s1600\/Puerta.jpg\" target=\"_blank\" rel=\"noreferrer noopener\"><img decoding=\"async\" src=\"https:\/\/1.bp.blogspot.com\/-kQbcRChboRE\/XbrvHp_M0CI\/AAAAAAAAPhI\/JS2_yO35eoUyRAw2uHi_Zl5ouJKGQp-SACLcBGAsYHQ\/s320\/Puerta.jpg\" alt=\"\"\/><\/a><\/figure>\n\n\n\n<p>\nSe aprecia a la presencia referencial a la Rep\u00fablica y a la Libertad en el contexto modernizante que impulsaba la \u00e9poca con mirada a Francia.<br><br><br><strong>Escalera de Ingreso<\/strong><br><\/p>\n\n\n\n<figure class=\"wp-block-image\"><a href=\"https:\/\/1.bp.blogspot.com\/-xT0LcqHcosY\/XbrvMFgEJjI\/AAAAAAAAPhM\/YnxNxY_at5IK9CNZXLn0RRTFjJD5P0m2ACLcBGAsYHQ\/s1600\/Escalera%2Bde%2BIngreso.jpg\" target=\"_blank\" rel=\"noreferrer noopener\"><img decoding=\"async\" src=\"https:\/\/1.bp.blogspot.com\/-xT0LcqHcosY\/XbrvMFgEJjI\/AAAAAAAAPhM\/YnxNxY_at5IK9CNZXLn0RRTFjJD5P0m2ACLcBGAsYHQ\/s320\/Escalera%2Bde%2BIngreso.jpg\" alt=\"\"\/><\/a><\/figure>\n\n\n\n<p><strong><\/strong><br>\nLa escalera de ingreso tiene diez escalones que indican la Fortuna y la perfecci\u00f3n.\n\n<br><br><strong>Hall Central<\/strong><br><\/p>\n\n\n\n<figure class=\"wp-block-image\"><a href=\"https:\/\/1.bp.blogspot.com\/-sfOW8tE06rM\/XbnJoBeBPnI\/AAAAAAAAPf8\/IQ8QifZuEZokGar6epTwRnhxz0VCwMO4QCLcBGAsYHQ\/s1600\/Hall%2BCentral.jpg\" target=\"_blank\" rel=\"noreferrer noopener\"><img decoding=\"async\" src=\"https:\/\/1.bp.blogspot.com\/-sfOW8tE06rM\/XbnJoBeBPnI\/AAAAAAAAPf8\/IQ8QifZuEZokGar6epTwRnhxz0VCwMO4QCLcBGAsYHQ\/s320\/Hall%2BCentral.jpg\" alt=\"\"\/><\/a><\/figure>\n\n\n\n<p>\nEn el Hall podemos hacer referencia al ingreso a un Templo, donde las bases de las columnas indican la construcci\u00f3n de ese edificio intelectual.\n\n<br><strong>Columnas Principales<\/strong><strong><br><\/strong><\/p>\n\n\n\n<figure class=\"wp-block-image\"><a href=\"https:\/\/1.bp.blogspot.com\/-OPFPdVlBVV4\/XbnJlZMF4RI\/AAAAAAAAPfU\/zrkK2AyEdwQd0jrZ9nfgtVveDHenErlDgCLcBGAsYHQ\/s1600\/Columnas.jpg\" target=\"_blank\" rel=\"noreferrer noopener\"><img decoding=\"async\" src=\"https:\/\/1.bp.blogspot.com\/-OPFPdVlBVV4\/XbnJlZMF4RI\/AAAAAAAAPfU\/zrkK2AyEdwQd0jrZ9nfgtVveDHenErlDgCLcBGAsYHQ\/s320\/Columnas.jpg\" alt=\"\"\/><\/a><\/figure>\n\n\n\n<p>\nRespecto la mirada mas\u00f3nica, se basa en la alegor\u00eda al Templo del Rey Salom\u00f3n con sus Columnas principales la J y la B, que en los ritos solares permit\u00eda marcar el inicio de los Solsticios.<br><br><br><strong>Sarmiento<\/strong><strong><br><\/strong><br><\/p>\n\n\n\n<figure class=\"wp-block-image\"><a href=\"https:\/\/1.bp.blogspot.com\/-4U_nW6UFLa8\/XbrzXt7iGLI\/AAAAAAAAPhk\/79FXbrKZQoM5OCzIObF1YFisJwNMqSg9gCLcBGAsYHQ\/s1600\/Sarmiento%2BMas%25C3%25B3n.jpg\" target=\"_blank\" rel=\"noreferrer noopener\"><img decoding=\"async\" src=\"https:\/\/1.bp.blogspot.com\/-4U_nW6UFLa8\/XbrzXt7iGLI\/AAAAAAAAPhk\/79FXbrKZQoM5OCzIObF1YFisJwNMqSg9gCLcBGAsYHQ\/s320\/Sarmiento%2BMas%25C3%25B3n.jpg\" alt=\"\"\/><\/a><\/figure>\n\n\n\n<p><strong><a href=\"https:\/\/1.bp.blogspot.com\/-65m0mlt0Ylo\/XbnJo50sK_I\/AAAAAAAAPgQ\/rzjVk1_ddTQRGEg4y1frCCfPingA1BQlgCLcBGAsYHQ\/s1600\/Sarmiento.jpg\" target=\"_blank\" rel=\"noreferrer noopener\"><\/a><\/strong><br>\n\nEn una de esas Columnas se encuentra Sarmiento, quien en la historia argentina se lo coloca como un referente de la educaci\u00f3n,&nbsp;tambi\u00e9n podemos destacar su paso por la masoner\u00eda, fue&nbsp;iniciado en la Logia Uni\u00f3n Fraternal de Valpara\u00edso, Chile, el 31 de julio de 1854, poco tiempo despu\u00e9s fue &nbsp;uno de los fundadores de la Logia Uni\u00f3n del Plata N\u00ba 1 de la que fue su primer Orador (representante de la ley mas\u00f3nica).&nbsp;<br><br>\nEl 18 de abril de 1882 se afili\u00f3 a la Respetable Logia Obediencia a la ley N\u00ba 13, Previamente, en 1860, hab\u00eda recibido el Grado 33, m\u00e1ximo de la organizaci\u00f3n mas\u00f3nica, junto a Justo Jos\u00e9 de Urquiza, Bartolom\u00e9 Mitre, Santiago Derqui y Juan Andr\u00e9s Gelly y Obes.&nbsp;<br><br>\nEl 12 de mayo de 1882 asumi\u00f3 como Gran Maestre de la Masoner\u00eda Argentina, en f\u00f3rmula electoral con Leandro N. Alem.<br><br><strong>Pellegrini<\/strong><br><\/p>\n\n\n\n<figure class=\"wp-block-image\"><a href=\"https:\/\/1.bp.blogspot.com\/-Cqcjs1VOhR0\/Xbr2rPsJJNI\/AAAAAAAAPh0\/3biYONa1y1kKbxdSFp50pycbTdNN7jJfgCLcBGAsYHQ\/s1600\/Masones%2BIlustres.jpg\" target=\"_blank\" rel=\"noreferrer noopener\"><img decoding=\"async\" src=\"https:\/\/1.bp.blogspot.com\/-Cqcjs1VOhR0\/Xbr2rPsJJNI\/AAAAAAAAPh0\/3biYONa1y1kKbxdSFp50pycbTdNN7jJfgCLcBGAsYHQ\/s320\/Masones%2BIlustres.jpg\" alt=\"\"\/><\/a><\/figure>\n\n\n\n<figure class=\"wp-block-image\"><a href=\"https:\/\/1.bp.blogspot.com\/-M32AWaVZXj8\/XbnJobJbhgI\/AAAAAAAAPgE\/vo3JXbqm-jEVqEiUdiD-SicoV3_qNaT_ACLcBGAsYHQ\/s1600\/Pellegrini.jpg\" target=\"_blank\" rel=\"noreferrer noopener\"><img decoding=\"async\" src=\"https:\/\/1.bp.blogspot.com\/-M32AWaVZXj8\/XbnJobJbhgI\/AAAAAAAAPgE\/vo3JXbqm-jEVqEiUdiD-SicoV3_qNaT_ACLcBGAsYHQ\/s320\/Pellegrini.jpg\" alt=\"\"\/><\/a><\/figure>\n\n\n\n<p>\nCarlos Pellegrini se inici\u00f3 mas\u00f3n en la Respetable Logia Regeneraci\u00f3n n\u00famero 5, trabaj\u00f3 en la Logia Docente y fue Venerable Maestro (Presidente) de la Logia Nacional.<br><br>\nFue uno de los fundadores del Gran Oriente del Rito Argentino de la que era Gran Maestre al momento de su deceso, el 17 de julio de 1906.<br><br>\nLa Respetable Logia Confraternidad Argentina n\u00famero 2 organiz\u00f3 al d\u00eda siguiente la solemne ceremonia de homenaje a su memoria.<br><br><strong>Manuel Belgrano<\/strong><br><br><\/p>\n\n\n\n<figure class=\"wp-block-image\"><a href=\"https:\/\/1.bp.blogspot.com\/-WACwGnMxlLM\/XbsSzyvtIjI\/AAAAAAAAPig\/ZftVfapTwdkmozNEF1w0mrQkvMd9pKsPgCLcBGAsYHQ\/s1600\/Estilo%2Bde%2BColumnas.png\" target=\"_blank\" rel=\"noreferrer noopener\"><img decoding=\"async\" src=\"https:\/\/1.bp.blogspot.com\/-WACwGnMxlLM\/XbsSzyvtIjI\/AAAAAAAAPig\/ZftVfapTwdkmozNEF1w0mrQkvMd9pKsPgCLcBGAsYHQ\/s320\/Estilo%2Bde%2BColumnas.png\" alt=\"\"\/><\/a><\/figure>\n\n\n\n<figure class=\"wp-block-image\"><a href=\"https:\/\/1.bp.blogspot.com\/-8nQOwckY09g\/Xbr332IRt8I\/AAAAAAAAPh8\/YAiZwq5TLbMZCh6z29ZCv0p_oonPlQPHQCLcBGAsYHQ\/s1600\/Junta_de_Mayo.jpg\" target=\"_blank\" rel=\"noreferrer noopener\"><img decoding=\"async\" src=\"https:\/\/1.bp.blogspot.com\/-8nQOwckY09g\/Xbr332IRt8I\/AAAAAAAAPh8\/YAiZwq5TLbMZCh6z29ZCv0p_oonPlQPHQCLcBGAsYHQ\/s320\/Junta_de_Mayo.jpg\" alt=\"\"\/><\/a><\/figure>\n\n\n\n<figure class=\"wp-block-image\"><a href=\"https:\/\/1.bp.blogspot.com\/-af0DppvfcBI\/XbnJljUeRDI\/AAAAAAAAPfQ\/u0Nl3xdVb78l_me79vAq9l_kwbJq1v9vgCLcBGAsYHQ\/s1600\/Belgrano.jpg\" target=\"_blank\" rel=\"noreferrer noopener\"><img decoding=\"async\" src=\"https:\/\/1.bp.blogspot.com\/-af0DppvfcBI\/XbnJljUeRDI\/AAAAAAAAPfQ\/u0Nl3xdVb78l_me79vAq9l_kwbJq1v9vgCLcBGAsYHQ\/s320\/Belgrano.jpg\" alt=\"\"\/><\/a><\/figure>\n\n\n\n<p>\n\nManuel Belgrano fue iniciado en la \u00abLogia Independencia\u00bb a fines de siglo XVIII en Buenos Aires.&nbsp;\n\n\n\nComo derivaci\u00f3n de la \u00abLogia Independencia\u00bb, Belgrano integr\u00f3 la \u00abSociedad de los Siete\u00bb, n\u00famero de pertenencia claramente mas\u00f3nico, fundada por Juan Jos\u00e9 Castelli, miembro y Venerable Maestro de la \u00abLogia Independencia\u00bb. El grupo se reuni\u00f3 con la m\u00e1xima discreci\u00f3n desde 1801 en la Jaboner\u00eda de Vieytes y en el domicilio particular de Rodr\u00edguez Pe\u00f1a. Las acciones de la \u00abSociedad de los Siete\u00bb alcanzaron sus objetivos el 25 de mayo de 1810. Varios de sus integrantes pasaron a ocupar los principales cargos en la Primera Junta de Gobierno Patrio.\n\n\n\nTambi\u00e9n con la denominaci\u00f3n de \u00abLogia Independencia\u00bb, funcion\u00f3 hacia 1810 una continuadora de la anterior, presidida por Juli\u00e1n \u00c1lvarez. Esa dependencia mas\u00f3nica colabor\u00f3 muy activamente en la constituci\u00f3n de la \u00abLogia Lautaro\u00bb.\n\n\n\nAlgunas fuentes historiogr\u00e1ficas se\u00f1alan que posteriormente Manuel Belgrano fue Venerable Maestro (Presidente) de la \u00abLogia Argentina\u00bb en Tucum\u00e1n cuando comand\u00f3 el Ej\u00e9rcito del Norte y otras indican que esa logia tambi\u00e9n cont\u00f3 con la participaci\u00f3n de Jos\u00e9 de San Mart\u00edn. Esa unidad mas\u00f3nica se denomin\u00f3 despu\u00e9s \u00abLogia Unidad Argentina\u00bb y trabaj\u00f3 en&nbsp;San Miguel de Tucum\u00e1n.\n\n<br><br><strong>Santiago Fitz Simon<\/strong><br><br><br><\/p>\n\n\n\n<figure class=\"wp-block-image\"><a href=\"https:\/\/1.bp.blogspot.com\/-I6Cg59QNEBA\/XbsNWtC_VEI\/AAAAAAAAPiI\/hdhlfpiGhjkzxEp1EOspED0OjZFZTNiqgCLcBGAsYHQ\/s1600\/Fitz%2BSimon%2BColegio%2BNacional%2Bde%2BCorrienets.png\" target=\"_blank\" rel=\"noreferrer noopener\"><img decoding=\"async\" src=\"https:\/\/1.bp.blogspot.com\/-I6Cg59QNEBA\/XbsNWtC_VEI\/AAAAAAAAPiI\/hdhlfpiGhjkzxEp1EOspED0OjZFZTNiqgCLcBGAsYHQ\/s320\/Fitz%2BSimon%2BColegio%2BNacional%2Bde%2BCorrienets.png\" alt=\"\"\/><\/a><\/figure>\n\n\n\n<figure class=\"wp-block-image\"><a href=\"https:\/\/1.bp.blogspot.com\/-84L3pJ9dweA\/XbnJnkBtYOI\/AAAAAAAAPf4\/befQKMDzGFIo4jY_0otUZduKYOjp7B_SACLcBGAsYHQ\/s1600\/Fitz%2BSimon.jpg\" target=\"_blank\" rel=\"noreferrer noopener\"><img decoding=\"async\" src=\"https:\/\/1.bp.blogspot.com\/-84L3pJ9dweA\/XbnJnkBtYOI\/AAAAAAAAPf4\/befQKMDzGFIo4jY_0otUZduKYOjp7B_SACLcBGAsYHQ\/s1600\/Fitz%2BSimon.jpg\" alt=\"\"\/><\/a><\/figure>\n\n\n\n<p>\n\nFitz Simonen1878&nbsp;asumi\u00f3&nbsp;como rector del Colegio Nacional de Corrientes, cargo que hab\u00eda ocupado su padre&nbsp;hasta el momento de sufallecimiento.\n\n<br>\n\nEn 1888&nbsp;Fitz Sim\u00f3n&nbsp;fue designado Inspector General de Educaci\u00f3n Secundaria, Normal y&nbsp;Especial de la Naci\u00f3n, incorporando el f\u00fatbol y los juegos atl\u00e9ticos, para varones, en todos los&nbsp;programas escolares del pa\u00eds.\n\n<br>\n\nDe la Escuela Superior de Comercio Carlos Pellegrini fue designado director entre 1893 y 1914, luego del retiro de John Ryan, que fue el primero.\n\n<br>\n\nExiste un lazo con la masoner\u00eda a trav\u00e9s de&nbsp;&nbsp;Benjamin A. Gould, que de&nbsp;la mano de otro mas\u00f3n:&nbsp;Domingo Faustino&nbsp;Sarmiento,&nbsp;fue iniciado en la Logia Uni\u00f3n Fraternal N\u00b0 1 de Santiago, Chile, alrededor de 1854. Fue Gould quien vincular\u00eda a Fitz Sim\u00f3n con la masoner\u00eda y hoy reconocido por los orientes como tal.\n\n<br><strong>Escaleras<\/strong><br><br><br><\/p>\n\n\n\n<figure class=\"wp-block-image\"><a href=\"https:\/\/1.bp.blogspot.com\/-l-yVjkEZlpQ\/XbnJmlRRaOI\/AAAAAAAAPfk\/BOHtAol9jYkGqcBQKAh55-qEkHi5yHMdQCLcBGAsYHQ\/s1600\/Escalera%2Bde%2Bcostado.jpg\" target=\"_blank\" rel=\"noreferrer noopener\"><img decoding=\"async\" src=\"https:\/\/1.bp.blogspot.com\/-l-yVjkEZlpQ\/XbnJmlRRaOI\/AAAAAAAAPfk\/BOHtAol9jYkGqcBQKAh55-qEkHi5yHMdQCLcBGAsYHQ\/s1600\/Escalera%2Bde%2Bcostado.jpg\" alt=\"\"\/><\/a><\/figure>\n\n\n\n<figure class=\"wp-block-image\"><a href=\"https:\/\/1.bp.blogspot.com\/-gFEDllQrp0Q\/XbsRgK_eFwI\/AAAAAAAAPiU\/cPnF115HjqUG3ngkmGs30dHP2GF-k_xcgCLcBGAsYHQ\/s1600\/Escalera%2Bmas%25C3%25B3nica.jpg\" target=\"_blank\" rel=\"noreferrer noopener\"><img decoding=\"async\" src=\"https:\/\/1.bp.blogspot.com\/-gFEDllQrp0Q\/XbsRgK_eFwI\/AAAAAAAAPiU\/cPnF115HjqUG3ngkmGs30dHP2GF-k_xcgCLcBGAsYHQ\/s1600\/Escalera%2Bmas%25C3%25B3nica.jpg\" alt=\"\"\/><\/a><\/figure>\n\n\n\n<figure class=\"wp-block-image\"><img decoding=\"async\" src=\"https:\/\/1.bp.blogspot.com\/-lEvF-qo-5GE\/XbnJm379k8I\/AAAAAAAAPfo\/NVJXG728nBAbUhWUR1xQj48WE1tom7fiwCLcBGAsYHQ\/s320\/Escalera%2Bizquierda.jpg\" alt=\"\"\/><\/figure>\n\n\n\n<figure class=\"wp-block-image\"><a href=\"https:\/\/1.bp.blogspot.com\/-gc_tFiAup9M\/XbnJmP7N1kI\/AAAAAAAAPfc\/Zh9jONAKpTg5mFObqCIatrFJhjmsdBswACLcBGAsYHQ\/s1600\/Costado.jpg\" target=\"_blank\" rel=\"noreferrer noopener\"><img decoding=\"async\" src=\"https:\/\/1.bp.blogspot.com\/-gc_tFiAup9M\/XbnJmP7N1kI\/AAAAAAAAPfc\/Zh9jONAKpTg5mFObqCIatrFJhjmsdBswACLcBGAsYHQ\/s1600\/Costado.jpg\" alt=\"\"\/><\/a><\/figure>\n\n\n\n<p>\n\nTienen una combinaci\u00f3n de trilog\u00eda: 1-2-3, que implican la numerologr\u00eda de la Perfecci\u00f3n, como las trinidades religiosas o triadas simb\u00f3licas.\n\n<br><br><strong>Simbolog\u00eda del estilo arquitect\u00f3nico de las Columnas<\/strong><br><br><br><br><\/p>\n\n\n\n<figure class=\"wp-block-image\"><a href=\"https:\/\/1.bp.blogspot.com\/-_KoFCUHU4a4\/XbnJoZiVO0I\/AAAAAAAAPgA\/vLMLciesRA861SpZZRITXpF4agQc_FCxACLcBGAsYHQ\/s1600\/Hall%2BPrimer%2BPiso.jpg\" target=\"_blank\" rel=\"noreferrer noopener\"><img decoding=\"async\" src=\"https:\/\/1.bp.blogspot.com\/-_KoFCUHU4a4\/XbnJoZiVO0I\/AAAAAAAAPgA\/vLMLciesRA861SpZZRITXpF4agQc_FCxACLcBGAsYHQ\/s320\/Hall%2BPrimer%2BPiso.jpg\" alt=\"\"\/><\/a><\/figure>\n\n\n\n<figure class=\"wp-block-image\"><a href=\"https:\/\/1.bp.blogspot.com\/-imJAMMUNDXA\/XbsZe5rEeqI\/AAAAAAAAPjE\/eP8Z5ImkxO8xhYBD2y4YCrv6ICjjg3eswCLcBGAsYHQ\/s1600\/Colunas%2BDoricas.png\" target=\"_blank\" rel=\"noreferrer noopener\"><img decoding=\"async\" src=\"https:\/\/1.bp.blogspot.com\/-imJAMMUNDXA\/XbsZe5rEeqI\/AAAAAAAAPjE\/eP8Z5ImkxO8xhYBD2y4YCrv6ICjjg3eswCLcBGAsYHQ\/s320\/Colunas%2BDoricas.png\" alt=\"\"\/><\/a><\/figure>\n\n\n\n<p>\n\nLas tres&nbsp;<a href=\"https:\/\/www.diariomasonico.com\/tag\/columnas\" target=\"_blank\" rel=\"noreferrer noopener\">columnas<\/a>&nbsp;est\u00e1n representadas en tres estilos diferentes de la arquitectura griega; D\u00f3rico, J\u00f3nico, Corintio, representando los tres personajes principales de las Leyendas Mas\u00f3nicas. El Rey&nbsp;<a href=\"https:\/\/www.diariomasonico.com\/tag\/salomon\" target=\"_blank\" rel=\"noreferrer noopener\">Salom\u00f3n<\/a>;&nbsp;<a href=\"https:\/\/www.diariomasonico.com\/tag\/hiram\" target=\"_blank\" rel=\"noreferrer noopener\">Hiram<\/a>, Rey de Tiro e Hiram Abif; quienes intervinieron de una u otra manera, para que se llevara a cabo la construcci\u00f3n del Templo de Salom\u00f3n.&nbsp;\n\n<br>\n\nLa Logia descansa sobre tres columnas llamadas Sabidur\u00eda, Fuerza y Belleza, estando representadas en el taller por el V.\u00b7. M.\u00b7., Primer V.\u00b7., Segundo V.\u00b7., la Sabidur\u00eda dirige nuestras acciones, la Fuerza nos sustenta en los momentos de pruebas y dificultades, la Belleza adorna nuestras vidas y nuestras almas.\n\n<br><\/p>\n\n\n\n<figure class=\"wp-block-image\"><a href=\"https:\/\/1.bp.blogspot.com\/-VYYclGiAkcI\/XbsSoyh-r-I\/AAAAAAAAPic\/aiJNouhRa2c-ArVrPhNzuShfpG3QZ5E4gCLcBGAsYHQ\/s1600\/Estilo%2Bde%2BColumnas.jpg\" target=\"_blank\" rel=\"noreferrer noopener\"><img decoding=\"async\" src=\"https:\/\/1.bp.blogspot.com\/-VYYclGiAkcI\/XbsSoyh-r-I\/AAAAAAAAPic\/aiJNouhRa2c-ArVrPhNzuShfpG3QZ5E4gCLcBGAsYHQ\/s320\/Estilo%2Bde%2BColumnas.jpg\" alt=\"\"\/><\/a><\/figure>\n\n\n\n<p>Finalmente, las tres columnas simbolizan el principio ternario en todas sus expresiones; el n\u00famero TRES, tiene especial significado para los Aprendices, los principios de la Masoner\u00eda LIBERTAD \u2013&nbsp;<a href=\"https:\/\/www.diariomasonico.com\/tag\/igualdad\" target=\"_blank\" rel=\"noreferrer noopener\">IGUALDAD<\/a>&nbsp;\u2013 FRATERNIDAD \u2013 Su Lema&nbsp;<a href=\"https:\/\/www.diariomasonico.com\/cultura\/ciencia\" target=\"_blank\" rel=\"noreferrer noopener\">CIENCIA<\/a>&nbsp;\u2013 JUSTICIA \u2013 TRABAJO, el iniciado debe tener TRES cualidades PUREZA, BELLEZA y CANDOR. Los viajes de Iniciaci\u00f3n, son TRES, es conducido simb\u00f3licamente a trav\u00e9s de los TRES elementos primordiales de la naturaleza: El AIRE, el AGUA y el FUEGO, en su proclamaci\u00f3n al Recipiendario se lo aclama tribut\u00e1ndole TRES Bater\u00edas Simples de J\u00fabilo, su edad es de TRES a\u00f1os.\n\n<br><\/p>\n\n\n\n<figure class=\"wp-block-image\"><a href=\"https:\/\/1.bp.blogspot.com\/-5qqjak3hzjI\/XbsX-bDjKkI\/AAAAAAAAPi4\/LgTFnIg9ssE5XFEvkcUSudw7BbfTRkZmACLcBGAsYHQ\/s1600\/Columnas%2Bde%2Bentrada.png\" target=\"_blank\" rel=\"noreferrer noopener\"><img decoding=\"async\" src=\"https:\/\/1.bp.blogspot.com\/-5qqjak3hzjI\/XbsX-bDjKkI\/AAAAAAAAPi4\/LgTFnIg9ssE5XFEvkcUSudw7BbfTRkZmACLcBGAsYHQ\/s320\/Columnas%2Bde%2Bentrada.png\" alt=\"\"\/><\/a><\/figure>\n\n\n\n<figure class=\"wp-block-image\"><a href=\"https:\/\/1.bp.blogspot.com\/-epyNU41zL90\/XbnJlhKUY2I\/AAAAAAAAPfY\/UZkpByd9Nv887KeMCLOuvD8SlyUUerCaACLcBGAsYHQ\/s1600\/Central%2BPrimer%2BPiso.jpg\" target=\"_blank\" rel=\"noreferrer noopener\"><img decoding=\"async\" src=\"https:\/\/1.bp.blogspot.com\/-epyNU41zL90\/XbnJlhKUY2I\/AAAAAAAAPfY\/UZkpByd9Nv887KeMCLOuvD8SlyUUerCaACLcBGAsYHQ\/s320\/Central%2BPrimer%2BPiso.jpg\" alt=\"\"\/><\/a><\/figure>\n\n\n\n<p><strong>San Mart\u00edn<\/strong><br><br><br><\/p>\n\n\n\n<figure class=\"wp-block-image\"><a href=\"https:\/\/1.bp.blogspot.com\/-Rj2OxSwvldk\/XbnJo7SGCZI\/AAAAAAAAPgM\/UrAGLVlSNgEWMnvaRauBfGDsDrDCAZU4QCLcBGAsYHQ\/s1600\/San%2BMart%25C3%25ADn.jpg\" target=\"_blank\" rel=\"noreferrer noopener\"><img decoding=\"async\" src=\"https:\/\/1.bp.blogspot.com\/-Rj2OxSwvldk\/XbnJo7SGCZI\/AAAAAAAAPgM\/UrAGLVlSNgEWMnvaRauBfGDsDrDCAZU4QCLcBGAsYHQ\/s320\/San%2BMart%25C3%25ADn.jpg\" alt=\"\"\/><\/a><\/figure>\n\n\n\n<p><strong>E<\/strong>l libertador de Argentina, Chile y Per\u00fa fue iniciado mas\u00f3n en la Logia Integridad de C\u00e1diz (1808) cuyo Venerable Maestro (Presidente) era el general Francisco Mar\u00eda Solano, Marqu\u00e9s del Socorro. Poco despu\u00e9s se afili\u00f3 a la Logia Caballeros Racionales N\u00ba 3, tambi\u00e9n de C\u00e1diz, donde recibi\u00f3 el grado de Maestro Mas\u00f3n el 6 de mayo de 1808.\n\nTras un breve paso por Sevilla, se estableci\u00f3 en Londres durante cuatro meses, all\u00ed particip\u00f3 de la fundaci\u00f3n de la Logia Caballeros Racionales N\u00ba 7.<br>Con el Conde de Fife, una de las prominentes figuras de la masoner\u00eda londinense, acord\u00f3 los detalles finales de su viaje al R\u00edo de la Plata a bordo de la fragata George Canning junto a sus hermanos masones Alvear, Zapiola, Holmberg, Chilabert y otros.\n\nYa en Buenos Aires, en contacto con Juli\u00e1n \u00c1lvarez, Venerable Maestro de la Logia Independencia, y con su ayuda fundaron la Logia Lautaro, cuyo primer Venerable Maestro fue Alvear.\n\nLa pr\u00f3xima escala mas\u00f3nica de San Mart\u00edn fue la ciudad de C\u00f3rdoba, adonde lleg\u00f3 procedente de Salta despu\u00e9s de organizar el Ej\u00e9rcito del Norte y dejarlo en manos de Mart\u00edn Miguel de Guemes.<br>El 24 de mayo de 1814, San Mart\u00edn constituy\u00f3 la Logia Lautaro de C\u00f3rdoba, cuya Acta de fundaci\u00f3n se conserva. Cinco meses despu\u00e9s asumi\u00f3 como Intendente de Cuyo y fund\u00f3 la Logia Lautaro de Mendoza.\n\nCon su hermano mas\u00f3n Manuel Belgrano y a trav\u00e9s de misivas y documentos, instaron entonces a la convocatoria de un Congreso que finalmente se reuni\u00f3 en Tucum\u00e1n y resolvi\u00f3 la Independencia el 9 de julio de 1816. Tres semanas m\u00e1s tarde, el Director Supremo Juan Mart\u00edn de Pueyrred\u00f3n nombr\u00f3 a San Mart\u00edn como General en Jefe del Ej\u00e9rcito de los Andes: el Libertador fund\u00f3 la Logia del Ej\u00e9rcito de Buenos Aires en la que fue designado Venerable Maestro.\n\nTras el cruce de la cordillera, el Ej\u00e9rcito de los Andes triunf\u00f3 en Chacabuco el 12 de febrero de 1817. El parte de la victoria, redactado por San Mart\u00edn, lleva su firma y la r\u00fabrica que utilizaba en los documentos mas\u00f3nicos.\n\nA poco de su llegada victoriosa a Lima, San Mart\u00edn fue proclamado Protector del Per\u00fa y en ese car\u00e1cter tom\u00f3 algunas disposiciones, entre ellas la clausura de la Inquisici\u00f3n. Destin\u00f3 sus bienes al aumento y conservaci\u00f3n de la Biblioteca de Lima (8 de febrero de 1822). Inmediatamente fund\u00f3 la Logia Paz y Perfecta Uni\u00f3n de la capital peruana que en la actualidad lleva el n\u00famero 1 de la Gran Logia del Per\u00fa.\n\nSin soluci\u00f3n de continuidad, San Mart\u00edn program\u00f3 el encuentro con su hermano mas\u00f3n Sim\u00f3n Bol\u00edvar. Los preparativos estuvieron a cargo de la Logia Estrella de Guayaquil.\n\nAl instalarse el Congreso Constituyente del Per\u00fa, declin\u00f3 el mando supremo y embarc\u00f3 con destino a Londres el 10 de febrero de 1824 despu\u00e9s de una corta estada en Mendoza.\n\nAl reencontrarse con el Conde de Fife, pas\u00f3 un&nbsp; tiempo en Escocia. Asisti\u00f3 a las tenidas mas\u00f3nicas de las logias San Andr\u00e9s N\u00ba 59 y San Juan Operativo N\u00ba 92. Pas\u00f3 luego a Bruselas, donde se incorpor\u00f3 a la Logia La Perfecta Amistad que mand\u00f3 acu\u00f1ar una medalla de plata en su homenaje, obra del mas\u00f3n Henri Simon, en la que el Libertador aparece de perfil.\n\nAl radicarse en Francia retom\u00f3 la relaci\u00f3n con Alejandro Aguado, Marqu\u00e9s de las Marismas, con quien asisti\u00f3 a las tenidas de la Logia de Ivry, cuyo Venerable Maestro era el doctor Rayer, m\u00e9dico personal de Aguado.\n\nJos\u00e9 de San Mart\u00edn falleci\u00f3 en Boulogne Sur Mer el 17 de agosto de 1850.\n\nCinco a\u00f1os despu\u00e9s, la Logia Uni\u00f3n del Plata de Buenos Aires design\u00f3 a Domingo Faustino Sarmiento y Santiago R. Albarrac\u00edn para gestionar una estatua que recordara la memoria del Libertador de Argentina, Chile y Per\u00fa. La ceremonia de inauguraci\u00f3n se desarroll\u00f3 el 13 de julio de 1862. Hicieron uso de la palabra los masones Bartolom\u00e9 Mitre, gobernador de Buenos Aires a cargo del Poder Ejecutivo Nacional, el general Enrique Mart\u00ednez, en representaci\u00f3n del Ej\u00e9rcito Argentino, Tom\u00e1s Guido, amigo \u00edntimo del Pr\u00f3cer, y el general Lucio Mansilla, Comandante de la Guardia de Veteranos.<br>De inmediato, la masoner\u00eda comenz\u00f3 las gestiones para la repatriaci\u00f3n de los restos de San Mart\u00edn. El proyecto legislativo fue aprobado, pero la guerra con Paraguay demor\u00f3 el traslado hasta 1880. La comisi\u00f3n a cargo de esas tareas pens\u00f3 colocar los restos provisoriamente en la Catedral de Buenos Aires, pero las autoridades eclesi\u00e1sticas plantearon la objeci\u00f3n de los c\u00f3digos can\u00f3nicos que proh\u00edben depositar los restos de un mas\u00f3n en un lugar consagrado.<br>Despu\u00e9s de numerosas reuniones y consultas, la iglesia acept\u00f3 la construcci\u00f3n de un mausoleo junto a la Catedral, pero fuera del cuadril\u00e1tero consagrado. Coloc\u00f3 el ata\u00fad hacia abajo, seg\u00fan la premisa de que quienes fallecen fuera del seno de la iglesia van al infierno que, seg\u00fan esa versi\u00f3n, se encuentra en las entra\u00f1as de la tierra. Veinte a\u00f1os despu\u00e9s, las autoridades eclesi\u00e1sticas comenzaron a rendir homenaje al Padre de la Patria.\n\n<br>\n\n* Trabajo realizado con asesoramiento del Departamento de Pl\u00e1stica de la ESCCP.\n\n** Profesor y Licenciado en Ciencia Pol\u00edtica. Actual Vicerrector de la ESCCP. Profesor e Investigador de la Universidad de Buenos Aires. Especialista en Estudios Mas\u00f3nicos.\n<br><\/p>\n","protected":false},"excerpt":{"rendered":"<p>Noche de los Museos 2019\u201cEl Pelle. Masoner\u00eda, simbolismo y arquitectura\u201d * por Ricardo Romero.** El recorrido propone destacar la presencia mas\u00f3nica en el Pellegrini a partir de marcar masones, simbolismo y destaque arquitect\u00f3nico presente en el edificio de la sede la Escuela Superior de Comercio Carlos Pellegrini. El&nbsp;19 de febrero de 1890&nbsp;mediante un decreto del&nbsp;Carlos [&hellip;]<\/p>\n","protected":false},"author":1,"featured_media":0,"comment_status":"closed","ping_status":"closed","sticky":false,"template":"","format":"standard","meta":{"footnotes":""},"categories":[7],"tags":[10],"class_list":["post-183","post","type-post","status-publish","format-standard","hentry","category-sobre-la-masoneria","tag-noche-de-los-museos"],"_links":{"self":[{"href":"https:\/\/www.granlogiaregularargentina.org\/glra\/wp-json\/wp\/v2\/posts\/183","targetHints":{"allow":["GET"]}}],"collection":[{"href":"https:\/\/www.granlogiaregularargentina.org\/glra\/wp-json\/wp\/v2\/posts"}],"about":[{"href":"https:\/\/www.granlogiaregularargentina.org\/glra\/wp-json\/wp\/v2\/types\/post"}],"author":[{"embeddable":true,"href":"https:\/\/www.granlogiaregularargentina.org\/glra\/wp-json\/wp\/v2\/users\/1"}],"replies":[{"embeddable":true,"href":"https:\/\/www.granlogiaregularargentina.org\/glra\/wp-json\/wp\/v2\/comments?post=183"}],"version-history":[{"count":1,"href":"https:\/\/www.granlogiaregularargentina.org\/glra\/wp-json\/wp\/v2\/posts\/183\/revisions"}],"predecessor-version":[{"id":184,"href":"https:\/\/www.granlogiaregularargentina.org\/glra\/wp-json\/wp\/v2\/posts\/183\/revisions\/184"}],"wp:attachment":[{"href":"https:\/\/www.granlogiaregularargentina.org\/glra\/wp-json\/wp\/v2\/media?parent=183"}],"wp:term":[{"taxonomy":"category","embeddable":true,"href":"https:\/\/www.granlogiaregularargentina.org\/glra\/wp-json\/wp\/v2\/categories?post=183"},{"taxonomy":"post_tag","embeddable":true,"href":"https:\/\/www.granlogiaregularargentina.org\/glra\/wp-json\/wp\/v2\/tags?post=183"}],"curies":[{"name":"wp","href":"https:\/\/api.w.org\/{rel}","templated":true}]}}