{"id":186,"date":"2019-11-12T10:07:29","date_gmt":"2019-11-12T13:07:29","guid":{"rendered":"https:\/\/www.granlogiaregularargentina.org\/glra\/?p=186"},"modified":"2019-11-13T00:06:44","modified_gmt":"2019-11-13T03:06:44","slug":"sobre-bolivia","status":"publish","type":"post","link":"https:\/\/www.granlogiaregularargentina.org\/glra\/blog\/2019\/11\/12\/sobre-bolivia\/","title":{"rendered":"Sobre Bolivia"},"content":{"rendered":"\n<figure class=\"wp-block-image\"><img decoding=\"async\" src=\"https:\/\/scontent-lhr3-1.xx.fbcdn.net\/v\/t1.0-9\/s960x960\/75521673_554109078687393_5015941981143040000_o.jpg?_nc_cat=100&amp;_nc_oc=AQlMadDSWvgryVSqufWBZyIgH-Jo99NHXy-gdoq4Ugy7qQ9R0U2NnEzQ7kGmdE7ZNck&amp;_nc_ht=scontent-lhr3-1.xx&amp;oh=884fb246c2bddc8986d0f95d60f01852&amp;oe=5E5C8155\" alt=\"La imagen puede contener: 7 personas, multitud y exterior\"\/><figcaption> La Gran Logia Regular de la Rep\u00fablica Argentina, rechaza de manera categ\u00f3rica el golpe c\u00edvico-policial y militar en el vecino Estado Plurinacional de Bolivia; e insta a todas las organizaciones nacionales e internacionales a exigir el inmediato cese de hostilidades por parte de los grupos violentos que ponen en peligro la continuidad de la paz en \u00e9sta regi\u00f3n.<br>Adem\u00e1s enfatizamos en que la Masoner\u00eda, c\u00f3mo hist\u00f3rica instituci\u00f3n que ha promovido la instauraci\u00f3n de formas de gobierno progresistas y democr\u00e1ticas, se encuentra alarmada ante el silencio c\u00f3mplice de algunas instituciones que hasta hace pocos meses parec\u00edan muy interesadas en la determinaci\u00f3n y libertad de los pueblos de Am\u00e9rica.<br>Como miembros de esta sociedad Latinoamericana y sinti\u00e9ndonos profundamente hermanados con el Estado Plurinacional de Bolivia, hacemos un llamado no s\u00f3lo a la Paz y la Concordia sino que tambi\u00e9n al cauce democr\u00e1tico, rechazando todo injerencismo y manipulaci\u00f3n de los hechos por parte de los formadores de opini\u00f3n internacional.<br>Queremos destacar que si bien han habido manifestaciones de algunos importantes organismos internacionales, que platearon dudas sobre el proceso de refer\u00e9ndum para una nueva reelecci\u00f3n y el reciente proceso eleccionario que dio por ganador al presidente Evo Morales, tales dudas no avalan el secuestro de personas, el hostigamiento a funcionarios oficialistas y sus familias, o incluso el saqueo y destrucci\u00f3n de la casa del Sr Morales y otros funcionarios de su gobierno, sin dejar de mencionar las extorsivas demandas y amenazas fascistas de fuerzas policiales y civiles armadas que indefectiblemente terminaron arrastrando a la renuncia del presidente y su gabinete.<br>Ante las dudas planteadas, en la ma\u00f1ana del d\u00eda de ayer se produjo el llamado a elecciones que el gobierno hab\u00eda oficializado horas antes de las penosas noticias arribadas por la tarde; resaltando adem\u00e1s que el mandato constitucional del presidente Evo Morales finalizaba en el a\u00f1o 2020, y que \u00e9sta consecuci\u00f3n de hechos dejan a\u00fan m\u00e1s al descubierto el deseo enf\u00e1tico por parte de fuerzas ajenas al orden constitucional, de interferir por todos los medios con la paz y el orden social que reinaban en dicha naci\u00f3n hasta el d\u00eda de ayer.<br>Por eso, solicitamos a la comunidad internacional, a la ciudadan\u00eda, y a los cuerpos de la masoner\u00eda Progresista del mundo, a alzar su voz en contra del ingerencismo y el terrorismo organizado, que resultan en caminos siempre opuestos a la paz y justicia social. <\/figcaption><\/figure>\n","protected":false},"excerpt":{"rendered":"","protected":false},"author":1,"featured_media":0,"comment_status":"closed","ping_status":"closed","sticky":false,"template":"","format":"standard","meta":{"footnotes":""},"categories":[9],"tags":[],"class_list":["post-186","post","type-post","status-publish","format-standard","hentry","category-comunicados-glra"],"_links":{"self":[{"href":"https:\/\/www.granlogiaregularargentina.org\/glra\/wp-json\/wp\/v2\/posts\/186","targetHints":{"allow":["GET"]}}],"collection":[{"href":"https:\/\/www.granlogiaregularargentina.org\/glra\/wp-json\/wp\/v2\/posts"}],"about":[{"href":"https:\/\/www.granlogiaregularargentina.org\/glra\/wp-json\/wp\/v2\/types\/post"}],"author":[{"embeddable":true,"href":"https:\/\/www.granlogiaregularargentina.org\/glra\/wp-json\/wp\/v2\/users\/1"}],"replies":[{"embeddable":true,"href":"https:\/\/www.granlogiaregularargentina.org\/glra\/wp-json\/wp\/v2\/comments?post=186"}],"version-history":[{"count":1,"href":"https:\/\/www.granlogiaregularargentina.org\/glra\/wp-json\/wp\/v2\/posts\/186\/revisions"}],"predecessor-version":[{"id":187,"href":"https:\/\/www.granlogiaregularargentina.org\/glra\/wp-json\/wp\/v2\/posts\/186\/revisions\/187"}],"wp:attachment":[{"href":"https:\/\/www.granlogiaregularargentina.org\/glra\/wp-json\/wp\/v2\/media?parent=186"}],"wp:term":[{"taxonomy":"category","embeddable":true,"href":"https:\/\/www.granlogiaregularargentina.org\/glra\/wp-json\/wp\/v2\/categories?post=186"},{"taxonomy":"post_tag","embeddable":true,"href":"https:\/\/www.granlogiaregularargentina.org\/glra\/wp-json\/wp\/v2\/tags?post=186"}],"curies":[{"name":"wp","href":"https:\/\/api.w.org\/{rel}","templated":true}]}}