{"id":1887,"date":"2025-10-25T19:57:41","date_gmt":"2025-10-25T22:57:41","guid":{"rendered":"https:\/\/www.granlogiaregularargentina.org\/glra\/?p=1887"},"modified":"2025-10-25T19:57:42","modified_gmt":"2025-10-25T22:57:42","slug":"a-200-anos-monteagudo-vuelve","status":"publish","type":"post","link":"https:\/\/www.granlogiaregularargentina.org\/glra\/blog\/2025\/10\/25\/a-200-anos-monteagudo-vuelve\/","title":{"rendered":"A 200 a\u00f1os, Monteagudo vuelve"},"content":{"rendered":"\n<p>A 200 a\u00f1os, Monteagudo vuelve. por M:. I:. P:. H:. Juli\u00e1n \u00c1lvarez 33\u00b0<\/p>\n\n\n\n<p>\u201c<em>Argentinos<\/em>: La libertad no se consigue sino con grandes y continuos sacrificios\u201d, M\u00e1rtir o libre, 1812. Dr. Bernardo de Monteagudo.<\/p>\n\n\n<div class=\"wp-block-image\">\n<figure class=\"aligncenter size-full is-resized\"><img loading=\"lazy\" decoding=\"async\" width=\"595\" height=\"660\" src=\"https:\/\/www.granlogiaregularargentina.org\/glra\/wp-content\/uploads\/2025\/10\/image.png\" alt=\"\" class=\"wp-image-1888\" style=\"width:709px;height:auto\" srcset=\"https:\/\/www.granlogiaregularargentina.org\/glra\/wp-content\/uploads\/2025\/10\/image.png 595w, https:\/\/www.granlogiaregularargentina.org\/glra\/wp-content\/uploads\/2025\/10\/image-270x300.png 270w\" sizes=\"auto, (max-width: 595px) 100vw, 595px\" \/><figcaption class=\"wp-element-caption\"><br>Bernardo de Monteagudo, Nacido el 20\/8\/1789 en Tucum\u00e1n, abogado de la Universidad de Chuquisaca, director Gaceta de Bs. Aires, y columna principal de la causa sanmartiniana. im\u00e1gen reconstruida con chat GPT.<\/figcaption><\/figure>\n<\/div>\n\n\n<p>Entre las acciones protagonizadas por el tucumano Bernardo de Monteagudo la del <strong>Congreso Anficti\u00f3nico Americano<\/strong> fue -quiz\u00e1- una idea muy adelantada para su tiempo, donde jug\u00f3 un papel central en concebirla y darle forma a un pedido del Protector del Per\u00fa, Jos\u00e9 de San Mart\u00edn.<\/p>\n\n\n\n<p><strong>Contexto:<\/strong><\/p>\n\n\n\n<p>A comienzos de 1822, con la independencia peruana proclamada, San Mart\u00edn necesitaba un marco pol\u00edtico continental que garantizara la unidad de las nuevas rep\u00fablicas. Por ello, encarg\u00f3 a Monteagudo, su ministro en Lima, dise\u00f1ar un Congreso de naciones americanas, inspirado en las ligas anficti\u00f3nicas de la antigua Grecia (alianzas entre ciudades-estado).<\/p>\n\n\n\n<p><strong>Los pasos de Monteagudo:<\/strong><\/p>\n\n\n\n<p>\u25cf <strong>Redacci\u00f3n de la memoria fundacional (1822)<\/strong><\/p>\n\n\n\n<p>Monteagudo redacta su famoso documento: <em>\u201cMemoria sobre los principios pol\u00edticos que segu\u00ed en la administraci\u00f3n del Per\u00fa y sobre la necesidad de un Congreso Anficti\u00f3nico\u201d<\/em>.<\/p>\n\n\n\n<p>All\u00ed argumenta que las j\u00f3venes rep\u00fablicas necesitaban un organismo supranacional que asegurara la paz, mediara conflictos, y coordinara la defensa contra la amenaza europea.<\/p>\n\n\n\n<p>1\u00b0 paso: <strong>Convocatoria diplom\u00e1tica<\/strong><\/p>\n\n\n\n<p>Env\u00eda circulares y proyectos a los gobiernos de Chile, las Provincias Unidas del R\u00edo de la Plata, Colombia y M\u00e9xico, invit\u00e1ndolos a designar representantes.<\/p>\n\n\n\n<p>La propuesta inclu\u00eda sede rotativa, reglas de deliberaci\u00f3n y un compromiso de asistencia mutua ante agresiones externas.<\/p>\n\n\n\n<p>2\u00b0 paso: <strong>Dise\u00f1o institucional<\/strong><\/p>\n\n\n\n<p>Propuso que el Congreso funcionara como un \u201csenado continental\u201d con autoridad moral sobre los Estados miembros.<\/p>\n\n\n\n<p>Los puntos centrales:<\/p>\n\n\n\n<ol class=\"wp-block-list\">\n<li>Uni\u00f3n defensiva frente a Espa\u00f1a y potencias extranjeras.<\/li>\n\n\n\n<li>Arbitraje en disputas entre rep\u00fablicas.<\/li>\n\n\n\n<li>Defensa de la libertad de comercio y navegaci\u00f3n.<\/li>\n\n\n\n<li>Rechazo de las monarqu\u00edas europeas en Am\u00e9rica.<\/li>\n<\/ol>\n\n\n\n<p>3\u00b0 paso: <strong>Proyecci\u00f3n ideol\u00f3gica<\/strong><\/p>\n\n\n\n<p>Monteagudo imprimi\u00f3 folletos, difundi\u00f3 art\u00edculos en la prensa lime\u00f1a y organiz\u00f3 debates en los c\u00edrculos pol\u00edticos de la capital peruana para dar fuerza a la idea.<\/p>\n\n\n\n<p>Vincul\u00f3 la propuesta con la causa emancipadora: si San Mart\u00edn hab\u00eda liberado territorios, ahora tocaba consolidarlos bajo un pacto pol\u00edtico.<\/p>\n\n\n\n<p><strong>Resultado inmediato:<\/strong><\/p>\n\n\n\n<ul class=\"wp-block-list\">\n<li>El proyecto de Monteagudo no lleg\u00f3 a concretarse en su tiempo porque San Mart\u00edn parti\u00f3 del Per\u00fa en 1822 y Monteagudo perdi\u00f3 respaldo pol\u00edtico.<\/li>\n\n\n\n<li>Sin embargo, su plan fue retomado por Sim\u00f3n Bol\u00edvar, quien a\u00f1os despu\u00e9s convoc\u00f3 el famoso <strong>Congreso de Panam\u00e1 (1826)<\/strong>, considerado heredero directo de aquella idea de Monteagudo. Al patriota sudamericano lo hab\u00edan acallado un a\u00f1o antes, cuando es acuchillado por dos sicarios, seg\u00fan algunas investigaciones no volcadas en la causa judicial remunerados por el comerciante Tom\u00e1s Comyn, mientras atravesaba la desaparecida plazoleta La Micheo, de Lima.<\/li>\n<\/ul>\n\n\n\n<p><strong>Vigencia en el siglo XXI del pensamiento de Monteagudo<\/strong>:<\/p>\n\n\n\n<p>Si intentamos pensar a Bernardo de Monteagudo mirando la Argentina de hoy, tenemos que recordar c\u00f3mo ve\u00eda \u00e9l la emancipaci\u00f3n: No como un simple cambio de soberan\u00eda, sino como una revoluci\u00f3n integral, destinada a cortar de ra\u00edz cualquier forma de dependencia externa que impidiera a los pueblos hispanoamericanos decidir por s\u00ed mismos.<\/p>\n\n\n\n<p>Monteagudo, tanto en sus escritos como en su pr\u00e1ctica pol\u00edtica, insist\u00eda en:<\/p>\n\n\n\n<ol class=\"wp-block-list\">\n<li>La unidad americana como blindaje frente a las potencias extranjeras.<br>\u2013 Para \u00e9l, la fragmentaci\u00f3n era el camino directo a caer en manos de nuevas tutelas.<br>\u2013 Rechazar\u00eda que, dos siglos despu\u00e9s, las rep\u00fablicas sigan divididas y cada una negocie en soledad con poderes financieros globales.<\/li>\n<\/ol>\n\n\n\n<ol start=\"2\" class=\"wp-block-list\">\n<li>La independencia econ\u00f3mica como condici\u00f3n de la independencia pol\u00edtica.\u2013 En sus proclamas, advert\u00eda que \u201cel nuevo yugo\u201d pod\u00eda no ser ya militar ni mon\u00e1rquico, sino econ\u00f3mico.<br>\u2013 Viendo a la Argentina actual, dir\u00eda que el paso de la tutela de la corona espa\u00f1ola, luego el predominio brit\u00e1nico y franc\u00e9s en el siglo XIX, y hoy la sujeci\u00f3n a organismos como el FMI, son variaciones de la misma falta de autonom\u00eda estructural.<\/li>\n<\/ol>\n\n\n\n<p>El rol de las \u00e9lites criollas<strong>:<br><\/strong>\u2013 Monteagudo era cr\u00edtico de las \u00e9lites que buscaban un acomodo con el poder extranjero, en vez de consolidar una soberan\u00eda aut\u00e9ntica.<br>\u2013 Posiblemente se\u00f1alar\u00eda que la dirigencia argentina no termin\u00f3 de construir un proyecto com\u00fan que priorice al pueblo sobre los compromisos con potencias o acreedores externos, ascendiendo la deuda externa de la Naci\u00f3n a u$s 278.073 millones al primer trimestre\/2025. Una deuda contra\u00edda en contra de principios jur\u00eddicos como la buena fe, la prohibici\u00f3n de la usura, el anatocismo y el enriquecimiento sin causa -porque en su origen el tomador era una entidad privada-, la convierte en ilegal y odiosa hacia el pueblo argentino 1) y 2).<\/p>\n\n\n\n<ol start=\"3\" class=\"wp-block-list\">\n<li>La justicia social como sentido de la revoluci\u00f3n.\u2013 Para \u00e9l, la libertad deb\u00eda servir para que los pueblos vivieran dignamente, no solo para cambiar de amo.<br>\u2013 Frente a la actual pobreza y desigualdad, plantear\u00eda que una independencia meramente formal, sin desarrollo interno y justicia econ\u00f3mica, es incompleta.<\/li>\n<\/ol>\n\n\n\n<p>Monteagudo ver\u00eda la situaci\u00f3n argentina como una nueva forma de dependencia disfrazada de modernidad. Dir\u00eda que la deuda externa y la subordinaci\u00f3n financiera son equivalentes a la obediencia al rey de Espa\u00f1a: distintas m\u00e1scaras del mismo problema. Y volver\u00eda a su obsesi\u00f3n central: la necesidad de unidad regional y emancipaci\u00f3n econ\u00f3mica para que Am\u00e9rica Latina deje de ser campo de maniobra de poderes externos.<\/p>\n\n\n\n<p>Notas:<\/p>\n\n\n\n<ol class=\"wp-block-list\">\n<li>Lozada, Salvador Mar\u00eda; Le Monde diplomatique, diciembre 2001.<\/li>\n\n\n\n<li>Sack, Alexander Nahum; jurista ruso en 1927 crea el concepto de deuda odiosa en su obra: \u201c<em>Les effets des transformations des \u00c9tats\u201d<\/em>.<\/li>\n<\/ol>\n\n\n\n<figure class=\"wp-block-image size-large\"><img loading=\"lazy\" decoding=\"async\" width=\"1024\" height=\"461\" src=\"https:\/\/www.granlogiaregularargentina.org\/glra\/wp-content\/uploads\/2025\/10\/casa-monteagudo-1024x461.jpg\" alt=\"\" class=\"wp-image-1889\" srcset=\"https:\/\/www.granlogiaregularargentina.org\/glra\/wp-content\/uploads\/2025\/10\/casa-monteagudo-1024x461.jpg 1024w, https:\/\/www.granlogiaregularargentina.org\/glra\/wp-content\/uploads\/2025\/10\/casa-monteagudo-300x135.jpg 300w, https:\/\/www.granlogiaregularargentina.org\/glra\/wp-content\/uploads\/2025\/10\/casa-monteagudo-768x346.jpg 768w, https:\/\/www.granlogiaregularargentina.org\/glra\/wp-content\/uploads\/2025\/10\/casa-monteagudo-1536x691.jpg 1536w, https:\/\/www.granlogiaregularargentina.org\/glra\/wp-content\/uploads\/2025\/10\/casa-monteagudo-2048x922.jpg 2048w\" sizes=\"auto, (max-width: 1024px) 100vw, 1024px\" \/><figcaption class=\"wp-element-caption\">Calle 9 de Julio 26, SMT. Costado de la casa donde naci\u00f3 Monteagudo. Fotograf\u00eda personal del autor.<\/figcaption><\/figure>\n\n\n\n<figure class=\"wp-block-image size-full is-resized\"><img loading=\"lazy\" decoding=\"async\" width=\"400\" height=\"571\" src=\"https:\/\/www.granlogiaregularargentina.org\/glra\/wp-content\/uploads\/2025\/10\/haya-de-la-torre-bandera.jpg\" alt=\"\" class=\"wp-image-1890\" style=\"width:840px;height:auto\" srcset=\"https:\/\/www.granlogiaregularargentina.org\/glra\/wp-content\/uploads\/2025\/10\/haya-de-la-torre-bandera.jpg 400w, https:\/\/www.granlogiaregularargentina.org\/glra\/wp-content\/uploads\/2025\/10\/haya-de-la-torre-bandera-210x300.jpg 210w\" sizes=\"auto, (max-width: 400px) 100vw, 400px\" \/><figcaption class=\"wp-element-caption\">V\u00edctor Ra\u00fal Haya de la Torre, fundador de la Alianza Popular Revolucionaria Americana, entregando una bandera indoamericana a estudiantes mexicanos. Fotograf\u00eda de autor desconocido, difundida por revistas de APRA de Per\u00fa, 1922.<\/figcaption><\/figure>\n\n\n\n<p><\/p>\n\n\n\n<p><\/p>\n","protected":false},"excerpt":{"rendered":"<p>A 200 a\u00f1os, Monteagudo vuelve. por M:. I:. P:. H:. Juli\u00e1n \u00c1lvarez 33\u00b0 \u201cArgentinos: La libertad no se consigue sino con grandes y continuos sacrificios\u201d, M\u00e1rtir o libre, 1812. Dr. Bernardo de Monteagudo. Entre las acciones protagonizadas por el tucumano Bernardo de Monteagudo la del Congreso Anficti\u00f3nico Americano fue -quiz\u00e1- una idea muy adelantada para [&hellip;]<\/p>\n","protected":false},"author":1,"featured_media":1888,"comment_status":"closed","ping_status":"closed","sticky":false,"template":"","format":"standard","meta":{"footnotes":""},"categories":[44],"tags":[151],"class_list":["post-1887","post","type-post","status-publish","format-standard","has-post-thumbnail","hentry","category-conmemoraciones","tag-bernardo-de-monteagudo"],"_links":{"self":[{"href":"https:\/\/www.granlogiaregularargentina.org\/glra\/wp-json\/wp\/v2\/posts\/1887","targetHints":{"allow":["GET"]}}],"collection":[{"href":"https:\/\/www.granlogiaregularargentina.org\/glra\/wp-json\/wp\/v2\/posts"}],"about":[{"href":"https:\/\/www.granlogiaregularargentina.org\/glra\/wp-json\/wp\/v2\/types\/post"}],"author":[{"embeddable":true,"href":"https:\/\/www.granlogiaregularargentina.org\/glra\/wp-json\/wp\/v2\/users\/1"}],"replies":[{"embeddable":true,"href":"https:\/\/www.granlogiaregularargentina.org\/glra\/wp-json\/wp\/v2\/comments?post=1887"}],"version-history":[{"count":1,"href":"https:\/\/www.granlogiaregularargentina.org\/glra\/wp-json\/wp\/v2\/posts\/1887\/revisions"}],"predecessor-version":[{"id":1891,"href":"https:\/\/www.granlogiaregularargentina.org\/glra\/wp-json\/wp\/v2\/posts\/1887\/revisions\/1891"}],"wp:featuredmedia":[{"embeddable":true,"href":"https:\/\/www.granlogiaregularargentina.org\/glra\/wp-json\/wp\/v2\/media\/1888"}],"wp:attachment":[{"href":"https:\/\/www.granlogiaregularargentina.org\/glra\/wp-json\/wp\/v2\/media?parent=1887"}],"wp:term":[{"taxonomy":"category","embeddable":true,"href":"https:\/\/www.granlogiaregularargentina.org\/glra\/wp-json\/wp\/v2\/categories?post=1887"},{"taxonomy":"post_tag","embeddable":true,"href":"https:\/\/www.granlogiaregularargentina.org\/glra\/wp-json\/wp\/v2\/tags?post=1887"}],"curies":[{"name":"wp","href":"https:\/\/api.w.org\/{rel}","templated":true}]}}