{"id":214,"date":"2019-12-10T10:40:10","date_gmt":"2019-12-10T13:40:10","guid":{"rendered":"https:\/\/www.granlogiaregularargentina.org\/glra\/?p=214"},"modified":"2019-12-10T10:40:24","modified_gmt":"2019-12-10T13:40:24","slug":"asuncion-del-presidente-de-la-republica-dr-alberto-fernandez","status":"publish","type":"post","link":"https:\/\/www.granlogiaregularargentina.org\/glra\/blog\/2019\/12\/10\/asuncion-del-presidente-de-la-republica-dr-alberto-fernandez\/","title":{"rendered":"Asunci\u00f3n del Presidente de la Rep\u00fablica: Dr. Alberto Fern\u00e1ndez"},"content":{"rendered":"\n<p><strong>GRAN\nLOGIA REGULAR ARGENTINA<\/strong><\/p>\n\n\n\n<p><strong>Comunicado<\/strong><\/p>\n\n\n\n<p><strong>\u201cAsunci\u00f3n\ndel Presidente de la Rep\u00fablica: Dr. Alberto Fern\u00e1ndez\u00bb<\/strong><\/p>\n\n\n\n<p>La GLRA Saluda y festeja\nen este d\u00eda de la Democracia y los Derechos Humanos, tan caro y simb\u00f3lico a los\nsentimientos y la historia Argentina, la asunci\u00f3n del presidente Alberto\nFern\u00e1ndez. <\/p>\n\n\n\n<p>Consideramos que es de vital\nimportancia para los ciudadanos de este pa\u00eds recuperar derechos adquiridos en\nd\u00e9cadas anteriores, y avanzar hacia conquistas pendientes para romper\ndefinitivamente las cadenas del yugo qu\u00e9 esclaviza la conciencia la libertad de\ndecidir, ya sea por motivos de leches instituidas y anticuadas o por carencias\necon\u00f3micas. <\/p>\n\n\n\n<p>En ese sentido, apoyamos\ny estaremos a favor de una r\u00e1pida restituci\u00f3n del poder adquisitivo de los\ntrabajadores, d la revisi\u00f3n de la deuda externa adquirida durante estos a\u00f1os, y\nde la discusi\u00f3n parlamentaria de temas sensibles pero que merecen una discusi\u00f3n\ndemocr\u00e1tica como la ley por el aborto legal seguro y gratuito.<\/p>\n\n\n\n<p>Por \u00faltimo, llamamos a la\nConcordia nacional como lo hicieran masones que nos precedieron en la historia\nArgentina: la grieta debe ser cerrada definitivamente, hermana no nos como\npueblo como naci\u00f3n y como ciudadanos. <\/p>\n\n\n\n<p>Es menester condenar, aun\nas\u00ed desde el discurso de las diligencias se hace un llamado a la paz y la\ntolerancia, cuando las bases de apoyo de una idea pol\u00edtica que denosta,\npersigue e insulta a los otros, pidiendo c\u00e1rcel sin ning\u00fan tipo de juicio\nprevio, venganza o mensajes de odio tanto \u00e9tnico como ideol\u00f3gico.<\/p>\n","protected":false},"excerpt":{"rendered":"<p>GRAN LOGIA REGULAR ARGENTINA Comunicado \u201cAsunci\u00f3n del Presidente de la Rep\u00fablica: Dr. Alberto Fern\u00e1ndez\u00bb La GLRA Saluda y festeja en este d\u00eda de la Democracia y los Derechos Humanos, tan caro y simb\u00f3lico a los sentimientos y la historia Argentina, la asunci\u00f3n del presidente Alberto Fern\u00e1ndez. Consideramos que es de vital importancia para los ciudadanos [&hellip;]<\/p>\n","protected":false},"author":1,"featured_media":0,"comment_status":"closed","ping_status":"closed","sticky":false,"template":"","format":"standard","meta":{"footnotes":""},"categories":[9],"tags":[],"class_list":["post-214","post","type-post","status-publish","format-standard","hentry","category-comunicados-glra"],"_links":{"self":[{"href":"https:\/\/www.granlogiaregularargentina.org\/glra\/wp-json\/wp\/v2\/posts\/214","targetHints":{"allow":["GET"]}}],"collection":[{"href":"https:\/\/www.granlogiaregularargentina.org\/glra\/wp-json\/wp\/v2\/posts"}],"about":[{"href":"https:\/\/www.granlogiaregularargentina.org\/glra\/wp-json\/wp\/v2\/types\/post"}],"author":[{"embeddable":true,"href":"https:\/\/www.granlogiaregularargentina.org\/glra\/wp-json\/wp\/v2\/users\/1"}],"replies":[{"embeddable":true,"href":"https:\/\/www.granlogiaregularargentina.org\/glra\/wp-json\/wp\/v2\/comments?post=214"}],"version-history":[{"count":1,"href":"https:\/\/www.granlogiaregularargentina.org\/glra\/wp-json\/wp\/v2\/posts\/214\/revisions"}],"predecessor-version":[{"id":215,"href":"https:\/\/www.granlogiaregularargentina.org\/glra\/wp-json\/wp\/v2\/posts\/214\/revisions\/215"}],"wp:attachment":[{"href":"https:\/\/www.granlogiaregularargentina.org\/glra\/wp-json\/wp\/v2\/media?parent=214"}],"wp:term":[{"taxonomy":"category","embeddable":true,"href":"https:\/\/www.granlogiaregularargentina.org\/glra\/wp-json\/wp\/v2\/categories?post=214"},{"taxonomy":"post_tag","embeddable":true,"href":"https:\/\/www.granlogiaregularargentina.org\/glra\/wp-json\/wp\/v2\/tags?post=214"}],"curies":[{"name":"wp","href":"https:\/\/api.w.org\/{rel}","templated":true}]}}