{"id":298,"date":"2020-03-25T19:10:35","date_gmt":"2020-03-25T22:10:35","guid":{"rendered":"https:\/\/www.granlogiaregularargentina.org\/glra\/?p=298"},"modified":"2020-03-25T19:10:35","modified_gmt":"2020-03-25T22:10:35","slug":"masoneria-en-la-emancipacion-americana","status":"publish","type":"post","link":"https:\/\/www.granlogiaregularargentina.org\/glra\/blog\/2020\/03\/25\/masoneria-en-la-emancipacion-americana\/","title":{"rendered":"Masoner\u00eda en la emancipaci\u00f3n americana"},"content":{"rendered":"\n<p><strong><br>I Jornadas de Investigaci\u00f3n Sanmartiniana<\/strong><\/p>\n\n\n\n<p> \u201cEl General Jos\u00e9 de San Martin, su figura y protagonismo en el \u00e1mbito de los procesos de independencia de Am\u00e9rica. Estrategias, valores y formas de identificaci\u00f3n en el pensamiento sanmartiniano.\u201d <\/p>\n\n\n\n<figure class=\"wp-block-image\"><img decoding=\"async\" src=\"https:\/\/www.granlogiaregularargentina.org\/glra\/wp-content\/uploads\/2019\/01\/image-2.png\" alt=\"La imagen tiene un atributo ALT vac\u00edo; su nombre de archivo es image-2.png\"\/><\/figure>\n\n\n\n<p><strong>Masoner\u00eda en la emancipaci\u00f3n americana<\/strong><\/p>\n\n\n\n<p><strong>Autor<\/strong>: Romero Ricardo, Polit\u00f3logo \u2013 UBA\/UNSAM. Prof. e Inv. UBA\/UCES. Prof. CNBA\/CPEL. Director: Proyecto de Investigaci\u00f3n \u201cInfluencia de la Masoner\u00eda en la Emancipaci\u00f3n Americana\u201d. &#8211; Programa Reconocimiento Institucional. Res. C.D. N\u00ba 1060\/10 F.C.S. U.B.A.<\/p>\n\n\n\n<figure class=\"wp-block-embed\"><div class=\"wp-block-embed__wrapper\">\nhttp:\/\/masoneriaindepenenciaamericana.blogspot.com.ar\/\n<\/div><\/figure>\n\n\n\n<p><a href=\"mailto:politologoromero@gmail.com\">politologoromero@gmail.com<\/a><\/p>\n\n\n\n<p><strong>Inserci\u00f3n Institucional<\/strong>: &#8211; Instituto de Estudios en Am\u00e9rica Latina y el Caribe &#8211; Secretar\u00eda Investigaci\u00f3n &#8211; Facultad de Ciencia Sociales &#8211; Universidad de Buenos Aires.<\/p>\n\n\n\n<p>C\u00e1tedra Historia Pol\u00edtica Latinoamericana. Carrera Ciencia Pol\u00edtica y Gobierno &#8211; Facultad de Ciencias Jur\u00eddicas y Gobierno \u2013 Universidad de Ciencias Sociales y Empresariales.<\/p>\n\n\n\n<p><strong>T\u00edtulo de la Ponencia<\/strong>: Influencia de la Masoner\u00eda en la emancipaci\u00f3n americana<\/p>\n\n\n\n<p>Que en la emancipaci\u00f3n americana actuaron masones, no es una novedad, y este dato ni siquiera ser\u00eda relevante si tenemos presente que tambi\u00e9n lo hicieron militares, intelectuales, curas, comerciantes o esclavos. <\/p>\n\n\n\n<p>Aunque si observamos las referencias pol\u00edticas que destacan en el proceso de independencia, especialmente en las campa\u00f1as libertarias, observamos que la partencia a la instituci\u00f3n de la escuadra y el comp\u00e1s es permanente.<\/p>\n\n\n\n<p>De hecho, la Logia Lautaro es la organizaci\u00f3n emblem\u00e1tica del an\u00e1lisis historiogr\u00e1fico, que debe su nombre a los relatos que cont\u00f3 Bernardo O\u00b4Higgins a Miranda sobre la oposici\u00f3n que realiz\u00f3 el toqui mapuche Lautaro a la dominaci\u00f3n espa\u00f1ola de Chile en el siglo XVI. En sus principales objetivos estaba la de lograr la independencia de Am\u00e9rica, para establecer una confederaci\u00f3n de rep\u00fablicas. Segu\u00edan la l\u00ednea de los Caballeros Racionales, Logia creada en 1807 y que luego tomar\u00eda en C\u00e1diz el nombre mismo de Lautaro.<\/p>\n\n\n\n<p>Es interesante ver que la masoner\u00eda llega de la mano de los liberales espa\u00f1oles y no de los ingleses, como critica la l\u00ednea revisionista. De hecho, cuando llegan San Mart\u00edn y Alvear a Buenos Aires en 1812, ven\u00edan actuando en logias previas en el territorio, entre la m\u00e1s reconocidas fueron las Independencia, una que levant\u00f3 columnas en 1795 y otra del mismo nombre que trabajaron desde 1806 hasta confluir en la Lautaro.<\/p>\n\n\n\n<p>Si bien son logias de influencia mas\u00f3nica, las mismas eran operativas, con lo cual pod\u00edan salirse del ritualismo y concentrarse en los objetivos espec\u00edficos establecidos. <\/p>\n\n\n\n<p>Adem\u00e1s, como comenta Jos\u00e9 Stevenson Collante, durante el proceso revolucionario, los miembros de la masoner\u00eda ten\u00edan doble investidura, participaban en Logias Regulares Universales y de Logias Operativas de car\u00e1cter patri\u00f3tico para la revoluci\u00f3n americana. Algunos de los principales miembros a destacar fueron: Francisco de Miranda, Andr\u00e9s Bello y Sim\u00f3n Bol\u00edvar de Venezuela, Jos\u00e9 Mar\u00eda Caro de M\u00e9xico, Bernardo O\u00b4Higgins de Chiles, Juan Pablo Fretes de Paraguay; y en Argentina actuaron Jos\u00e9 de San Mart\u00edn, Carlos de Alvear, Bernardo de Monteagudo, Gervasio Posadas y Tom\u00e1s Guido, entre otros.<\/p>\n\n\n\n<p>De hecho, una ruptura como la de mayo de 1810 no se produce en una semana, como se presenta a veces la epopeya en los calendarios escolares. Lo cierto es, que desde finales de siglo XVIII, las ideales liberales se propagar\u00edan desde las aulas universitarias, especialmente en Chuquisaca, a trav\u00e9s de j\u00f3venes que fueron iniciados en estas estructuras que adoptar\u00edan la forma organizativa de las Logias mas\u00f3nicas.<\/p>\n\n\n\n<p>Por ejemplo, en el R\u00edo de la Plata, la Logia Independencia, aliada a la Sociedad de los Siete, que articula una estrategia plasmada en el Plan de Operaciones, donde su punto central ser\u00eda la independencia. Proyecto que se lograr\u00e1 consolidar con el accionar de San Mart\u00edn, tambi\u00e9n apuntalado por una Logia de estructura mas\u00f3nica, la Lautaro, que reorientar\u00eda el esquema de avanzar por el Alto Per\u00fa por el de cruzar los Andes y liberar Chile y luego ir desde el mar para lograr la independencia del Per\u00fa. <\/p>\n\n\n\n<p>En definitiva, si bien no se desconoce la participaci\u00f3n de comerciantes, militares, curas, indios, mujeres, afros o ni\u00f1os en la lucha por la libertad, se propone analizar el aporte organizativo e ideol\u00f3gico de los masones que marcaron los primeros pasos de nuestra historia como base de nuestro presente, entendi\u00e9ndolos como los partidos de cuadros de las revoluciones americanas.<\/p>\n\n\n\n<p><strong>Masoner\u00eda<\/strong><\/p>\n\n\n\n<p>Tal como figura en su p\u00e1gina oficial, la Gran Logia Argentina de Aceptados y Libres Masones define a la masoner\u00eda como una Sociedad filantr\u00f3pica, filos\u00f3fica y progresista. A su vez, define que \u201cLa Orden asienta sus principios en los ideales de&nbsp;<strong>Libertad, Igualdad<\/strong>y&nbsp;<strong>Fraternidad<\/strong>; y considera que el hombre puede alcanzar su realizaci\u00f3n a trav\u00e9s de la&nbsp;<strong>Ciencia<\/strong>, la&nbsp;<strong>Justicia<\/strong>&nbsp;y el&nbsp;<strong>Trabajo<\/strong>&nbsp;(trilog\u00eda que constituye su lema). Estos ideales, que en el seno de nuestra Instituci\u00f3n no s\u00f3lo se expresan sino que se hacen realidad, fueron los que inspiraron a hombres de todos los tiempos a la hora de enfrentar y combatir reg\u00edmenes opresores, desp\u00f3ticos o que negaban la dignidad de la condici\u00f3n humana\u201d.<\/p>\n\n\n\n<p>Concluye la definici\u00f3n, presentando a la masoner\u00eda con una \u201ctradici\u00f3n inici\u00e1tica compuesta por s\u00edmbolos y alegor\u00edas, el lenguaje mas\u00f3nico trata de operar en lo profundo de la conciencia para sacar a la luz aquellos arquetipos que distinguen a los hombres cabales. De esta forma la Masoner\u00eda se erige en defensora del progreso de la humanidad, y se manifiesta ac\u00e9rrima enemiga de la ignorancia, el fanatismo y la codicia\u201d. <\/p>\n\n\n\n<p>El concepto de \u201cfrancmasoner\u00eda\u201d deviene del franc\u00e9s, donde <em>franc <\/em>significa \u201clibre\u201d y <em>mason, <\/em>\u201calba\u00f1il\u201d. La masoner\u00eda reivindica sus or\u00edgenes desde el tiempo de la construcci\u00f3n del Templo de Salom\u00f3n, a partir de la leyenda de Hiram de Tiro, quien dirigi\u00f3 los alba\u00f1iles que lo construyeron. Desde esa alegor\u00eda, reivindican a los obreros de las grandes obras arquitect\u00f3nicas, como los constructores de las pir\u00e1mides de Egipto. Tambi\u00e9n existen corrientes que reivindican influencias en la Orden de los Templarios, los caballeros Rosa Cruces y los Humanistas del renacimiento. <\/p>\n\n\n\n<p>En t\u00e9rminos institucionales, la masoner\u00eda se constituye oficialmente en 1717, a partir de la formaci\u00f3n de la Gran Logia de Londres y Westwinter, con su primer Gran Maestro Anthony Sayer. Desde 1723, la Gran Logia adopt\u00f3 como principios base, conocidos como Land Marks, la Constituci\u00f3n de Anderson, que rige en la masoner\u00eda tradicional hasta la actualidad. La misma tiene fuertes reivindicaciones a la Tolerancia, sin embargo, excluye a las mujeres de la participaci\u00f3n de la orden.<\/p>\n\n\n\n<p>El formato organizativo, especialmente los esquemas secretos y los principios de tolerancia, resultaban atractivos para quienes impulsaban la libertad pol\u00edtica frente a los gobiernos mon\u00e1rquicos absolutistas. En plena secularizaci\u00f3n y revoluciones republicanas, la masoner\u00eda se expandi\u00f3 fuertemente en Europa y posteriormente en Am\u00e9rica Latina. <\/p>\n\n\n\n<p>En principio, las organizaciones mas\u00f3nicas eran corrientes internas que respond\u00edan a la Gran Logia de Londres, sin embargo, la formaci\u00f3n del Gran Oriente de Francia, provoc\u00f3 otra vertiente, tanto organizativa como ideol\u00f3gica de la organizaci\u00f3n. Esta divisi\u00f3n persiste en la actualidad, donde las llamadas <em>regular<\/em>, impulsada desde Inglaterray <em>liberal y no dogm\u00e1tica<\/em>, desplegada desde Francia<em>.<\/em><\/p>\n\n\n\n<p>La versi\u00f3n brit\u00e1nica se caracteriza por creer en Dios, rechazan el dogmatismo, no aceptan mujeres y no permiten relaci\u00f3n con Logias que lo hagan. Rechazan la discusi\u00f3n sobre pol\u00edtica y religi\u00f3n.<\/p>\n\n\n\n<p>En tanto que la masoner\u00eda francesa, liberal y no dogm\u00e1tica, acepta la iniciaci\u00f3n de mujeres, es agn\u00f3stica y acepta creyentes y ateos, y est\u00e1n abiertos a debates pol\u00edticos y de cualquier tipo.<\/p>\n\n\n\n<p>Ambas corrientes comparten la pr\u00e1ctica inici\u00e1tica, que implica un ritual de ingreso a la orden. Desarrollan pr\u00e1cticas simb\u00f3licas y aleg\u00f3ricas para transmitir sus conocimientos. Comparten los tres grados b\u00e1sicos (aprendiz, compa\u00f1ero y maestro) y desarrollan un programa de formaci\u00f3n seg\u00fan el rito que se practique, 18 grados en el York, 33 en el Escoc\u00e9s Antiguo y Aceptado y 5 en el Franc\u00e9s (el utilizado durante la emancipaci\u00f3n, seg\u00fan comenta Emilio Corbiere).<\/p>\n\n\n\n<p>M\u00e1s all\u00e1 que el concepto de Dios y la interpretaci\u00f3n de la vida, junto a fuertes simbolog\u00edas religiosas que forman parte de los rituales mas\u00f3nicos, es incorrecto comprenderla como una religi\u00f3n. Tal como se se\u00f1ala, al ser una organizaci\u00f3n filos\u00f3fica, busca en su ense\u00f1anza un espacio ecum\u00e9nico y tolerante, especialmente frente al oscurantismo religioso de su \u00e9poca de fundaci\u00f3n. En tal sentido, sus doctrinas, c\u00f3digos morales, niveles de autoridad, templos, ritos, altares, vestimentas, d\u00edas festivos y proclamas pueden asemejarse a pr\u00e1cticas religiosas, incluso imitadas de las mismas, como la judeo-cristiana, toda la simbolog\u00eda es recomprendida.<\/p>\n\n\n\n<p>Cabe decir, que la masoner\u00eda surge como una respuesta alternativa y una propuesta de ennoblecimiento de la humanidad, en base a la Libertad y la Igualdad, a partir de la fraternidad y la tolerancia. Implica tambi\u00e9n una ruptura con el dogmatismo religioso y una apertura a la raz\u00f3n y la conciencia humana, como base de sus acciones, impulsando una alta formaci\u00f3n moral y \u00e9tica.<\/p>\n\n\n\n<p><strong>Logias operativas<\/strong><\/p>\n\n\n\n<p>La masoner\u00eda entiende este proceso de constituci\u00f3n propia, separada de las corporaciones operativas de alba\u00f1iles, como un pasaje a una organizaci\u00f3n especulativa, o meramente reflexiva. En tal sentido, sus Logias regulares, generalmente se establecen con objetivos tem\u00e1ticos diversos: ciencia, esoterismo, derecho, etc.<\/p>\n\n\n\n<p>Sin embargo, los masones pueden organizarse en forma de Logia para desarrollar actividades espec\u00edficas fuera de la masoner\u00eda, en lo que ellos entienden como sociedad profana. A este tipo organizativo se la denominan Logias Operativas, que tienen la particularidad de buscar objetivos, de diferente tipo, y generalmente se disuelven concluidos los mismos.<\/p>\n\n\n\n<p>Que adopten formato organizativo de logias y est\u00e9n constituidas por masones, no las convierte en Logias mas\u00f3nicas. Este es un punto importante para comprender el rol de la masoner\u00eda en el proceso emancipatorio.<\/p>\n\n\n\n<p>Tal como se\u00f1ala Emilio Corbiere: <em>\u201cEl error de muchos historiadores mas\u00f3nicos y antimas\u00f3nicos es que no hablan de&nbsp;<\/em><strong><em>las logias operativas<\/em><\/strong><em>.&nbsp;<\/em><strong><em>Son eminentemente pol\u00edticas<\/em><\/strong><em>; no son las logias de formaci\u00f3n espiritual y cultural. Tambi\u00e9n hay, en el Oriente, masoner\u00edas que responden a otros ritos. Creo que tiene la ideolog\u00eda del libre pensamiento, que es algo com\u00fan es todas estas organizaciones. Pero&nbsp;<\/em><strong><em>a veces aparecen, en momentos excepcionales, logias operativas que se caracterizan por tener un solo objetivo pol\u00edtico<\/em><\/strong><em>\u00ab( Corbi\u00e8re, Emilio J.,&nbsp;La Masoner\u00eda, pol\u00edtica y sociedades secretas en&nbsp;la Argentina, Editorial Sudamericana, Bs. As., 1998).<\/em><\/p>\n\n\n\n<p><em>Ampl\u00eda Corbiere: \u201c&#8230; mientras las logias simb\u00f3licas funcionan como centros inici\u00e1ticos (en t\u00e9rminos m\u00e1s sencillos de estudio y formaci\u00f3n personal), las operativas son creadas con un fin y objeto determinado. (&#8230;) las logias operativas&nbsp; (&#8230;) desarrollan su actividad dentro de un per\u00edodo de tiempo determinado, cesando luego en su acci\u00f3n.\u201d&nbsp; (P\u00e1g. 192:&nbsp;) <\/em><\/p>\n\n\n\n<p>Por ende, las logias operativas son el nexo directo con la pol\u00edtica. En tal sentido, sostiene Corbiere:<em> \u201dLa masoner\u00eda no es ajena a la realidad de su tiempo. No mira pasar los hechos sino que trata de influenciar en los mismos\u201d (\u2026)&nbsp; \u201cPero esa participaci\u00f3n mas\u00f3nica desde el siglo XIX se ha realizado a trav\u00e9s de logias o talleres operativos cuya caracter\u00edstica es la de tener una vigencia determinada en el tiempo, que se mide en relaci\u00f3n con el cumplimiento del objetivo\u201d (P\u00e1g. 207&nbsp;).<\/em>&nbsp;<\/p>\n\n\n\n<p>Esta diferenciaci\u00f3n no es balad\u00ed, porque mientras los historiadores se desviven por buscar la procedencia mas\u00f3nica o no de los miembros de las Logias, dejan de lado el an\u00e1lisis de las logias, que al ser operativas toman pr\u00e1cticas y est\u00e1n formadas por masones, pero tienen un accionar aut\u00f3nomo a la masoner\u00eda.<\/p>\n\n\n\n<p>El funcionamiento de una Logia Mas\u00f3nica, que funciona en forma cerrada, con miembros \u201ciniciados\u201d (aceptados por sus hermanos), que accede a los toques y palabras clave para recibir la formaci\u00f3n del grado de la C\u00e1mara (Asamblea) en la que ha sido recibido, permiti\u00f3 el funcionamiento secreto de las sociedades en tiempos de persecuci\u00f3n. Es as\u00ed, que esta forma organizativa, facilita el funcionamiento de organizaciones en forma secreta, con los fines que inspiraban las revoluciones liberales.<\/p>\n\n\n\n<p>Incluso, desde la riqueza que aporta la politolog\u00eda, el concepto de \u201cPartido de Cuadros\u201d, que describe generalmente los formatos organizativos de las c\u00e9lulas leninistas, centralmente basados en miembros de vanguardia, con alta formaci\u00f3n y convencimiento ideol\u00f3gico, permite pensar a las Logias Operativas como formas similares que adoptaron los cuadros revolucionarios republicanos. Este punto es fundamental como aporte para comprender los hechos pol\u00edticos que derivaron en la emancipaci\u00f3n americana.<\/p>\n\n\n\n<p>Muchas veces se presenta la epopeya de mayo como un hecho que sucede en una Semana y concluye con la foto del Billiken. Sin embargo, una ruptura de esas caracter\u00edsticas no se produce de la noche a la ma\u00f1ana, como a veces cuenta la historia.<\/p>\n\n\n\n<p>Un an\u00e1lisis pol\u00edtico, es ver que lo cierto es que gracias a la combinaci\u00f3n de las ideas liberales del siglo XVIII y las organizaciones en logias de los masones que participaron en la revoluci\u00f3n, se puede entender la gesti\u00f3n del desenlace del movimiento que comenz\u00f3 con la reacci\u00f3n criolla ante la dominaci\u00f3n espa\u00f1ola.<\/p>\n\n\n\n<p>Se da entonces la conocida como trilog\u00edas revolucionaria de Mayo: organizaci\u00f3n- ideolog\u00eda \u2013 masones, especialmente desde Chuquisaca, que a trav\u00e9s de j\u00f3venes que fueron iniciados en estas estructuras, donde la forma organizativa de las Logias mas\u00f3nicas se torna crucial.<\/p>\n\n\n\n<p>Adem\u00e1s, explica que los militantes de primera l\u00ednea, por ejemplo de la Revoluci\u00f3n de Mayo, (Mariano Moreno, Bernardo de Monteagudo, Jos\u00e9 Ignacio Gorriti, Jos\u00e9 Mariano Serrano y Juan Jos\u00e9 Castlli) que estudiaron junto a hombres como Manuel Rodriguez Quiroga, protagonista de la independencia de Ecuador; Mariano Alejo, precursor de la revoluci\u00f3n peruana; y Jaime de Zuda\u00f1ez, que lider\u00f3 los movimientos de Charcas y redactor de las constituciones de Chile, Argentina y Uruguay, y quien fuera primer Presidente de la Corte Suprema de Justicia en el pa\u00eds oriental. <\/p>\n\n\n\n<p><strong>Emancipaci\u00f3n americana<\/strong><\/p>\n\n\n\n<p>El proceso de emancipaci\u00f3n americana debe comprender a partir del desmoronamiento del complejo edificio administrativo que construyeron las potencias europeas, especialmente Espa\u00f1a, en&nbsp; Am\u00e9rica. <\/p>\n\n\n\n<p>Si bien el Tratado de Tordesillas en 1494 reparti\u00f3 entre Espa\u00f1a y Portugal las tierras a ser conquistadas, el proceso de colonizaci\u00f3n se despleg\u00f3 a largo de trescientos a\u00f1os, especialmente durante el siglo XVI, donde ambas coronas estuvieron unificadas, y donde desplegaron una estructura administrativa de cinco virreinatos (4 espa\u00f1oles y un portugu\u00e9s) para desplazar a los pueblos originarios y someterlos a la extracci\u00f3n de riquezas, especialmente oro. Ese andamiaje colonial caer\u00e1 como castillo de naipes, en apenas 20 a\u00f1os, en un proceso que va desde las Invasiones Inglesas hasta la muerte de Fernando VII.<\/p>\n\n\n\n<p>Las acciones de resistencia estuvieron presente durante el proceso de colonizaci\u00f3n, como las desarrolladas en Chile por el l\u00edder araucano Lautaro, a partir del establecimiento de la estructura colonial, se dieron diversas rebeliones, con caracter\u00edsticas y finalidades espec\u00edficas pero que son antecedentes del movimiento independentista, como la rebeli\u00f3n de Guill\u00e9n de Lampart en M\u00e9xico (1640-43); Revoluciones de los Comuneros en Paraguay (1721-35); la del canario Juan Francisco de Le\u00f3n contra el monopolio de la Compa\u00f1\u00eda Guipuzcoana en Venezuela (1748); el levantamiento Maya liderado por Jacinto Canek en Yucat\u00e1n-M\u00e9xico en 1761 y el levantamiento quechua aymara liderado por Jos\u00e9 Gabriel T\u00fapac Amaru en el Cuzco-Per\u00fa en los a\u00f1os 1780 y 1781, ser\u00edan base inspiradora de los j\u00f3venes universitarios en Chuquisaca, donde destaca la Tesis Doctoral de Mariano Moreno, en defensa de los derechos de los ind\u00edgenas. A su vez, podemos sumar los levantamientos en la \u00f3rbita portuguesa, especialmente la Inconfidencia Mineira, liderada por Tiradentes en 1789.<\/p>\n\n\n\n<p>Un factor geopol\u00edtica internacional, sin duda, es la expansi\u00f3n capitalista del centro de la Revoluci\u00f3n Industrial, Gran Breta\u00f1a, que buscar\u00e1 bases en el continente para extender la colocaci\u00f3n de sus productos y conseguir materias primas y alimentos a su base econ\u00f3mica.<\/p>\n\n\n\n<p>As\u00ed, estas revueltas internas se potenciar\u00edan con los cambios en el contexto internacional, especialmente con la Independencia de los Estados Unidos y la Revoluci\u00f3n Francesa, que provoca la ca\u00edda de la monarqu\u00eda, inspirando los ideales de Libertad \u2013 Igualdad y Fraternidad. De hecho, la primera Independencia en Latinoam\u00e9rica se da en Hait\u00ed en 1808, liderados por el mas\u00f3n Peti\u00f3n, que reclamaban el alcance de ciudadan\u00eda que la incipiente Rep\u00fablica Francesa les negaba. A su vez, la resistencia a la embestida brit\u00e1nica para avanzar en la conquista de la regi\u00f3n, desat\u00f3 una conciencia hispanoamericana que impulsar\u00eda la independencia de la regi\u00f3n.<\/p>\n\n\n\n<p>La crisis del Imperio Espa\u00f1ol se profundiz\u00f3 con la expansi\u00f3n napole\u00f3nica y el fortalecimiento de los criollos que avanzaban sobre las estructuras administrativas de las colonias y ya no quer\u00edan tributar a una potencia en decadencia, m\u00e1s cuando \u00e9sta les exig\u00eda m\u00e1s a cambio de mera subordinaci\u00f3n. De esta forma, se concentraron en tomar el control de los cabildos y de all\u00ed dirigir el control de las administraciones coloniales a partir de la formaci\u00f3n de Juntas de Gobierno, que tras la ca\u00edda de Fernando VII no se subordinaron a las Cortes de C\u00e1diz ni a la Junta Suprema Central.<\/p>\n\n\n\n<p><strong>Juntas de gobierno aut\u00f3nomas americanas<\/strong><\/p>\n\n\n\n<figure class=\"wp-block-table\"><table class=\"\"><tbody><tr><td>   <strong>A\u00f1o<\/strong>   <\/td><td>   <strong>D\u00eda<\/strong>   <\/td><td>   <strong>Nombre<\/strong>   <\/td><td>   <strong>Ubicaci\u00f3n<\/strong>   <\/td><td>   <strong>Pa\u00eds actual<\/strong>   <\/td><td>   <strong>L\u00edderes<\/strong>   <\/td><\/tr><tr><td>   <a href=\"http:\/\/es.wikipedia.org\/wiki\/1808\">1808<\/a>   <\/td><td>   <a href=\"http:\/\/es.wikipedia.org\/wiki\/5_de_agosto\">5   de agosto<\/a>   <\/td><td>   <a href=\"http:\/\/es.wikipedia.org\/wiki\/Crisis_pol%C3%ADtica_de_1808_en_M%C3%A9xico\">Junta de M\u00e9xico<\/a>   <\/td><td>   <a href=\"http:\/\/es.wikipedia.org\/wiki\/Virreinato_de_Nueva_Espa%C3%B1a\">Virreinato de Nueva Espa\u00f1a<\/a>   <\/td><td>   <a href=\"http:\/\/es.wikipedia.org\/wiki\/M%C3%A9xico\">M\u00e9xico<\/a>   <\/td><td>   <a href=\"http:\/\/es.wikipedia.org\/wiki\/Francisco_Primo_de_Verdad\">Francisco Primo de Verdad<\/a><br>   <a href=\"http:\/\/es.wikipedia.org\/wiki\/Melchor_de_Talamantes\">Melchor de Talamantes<\/a><br>   <a href=\"http:\/\/es.wikipedia.org\/wiki\/Jos%C3%A9_de_Iturrigaray\">Jos\u00e9 de Iturrigaray<\/a>   <\/td><\/tr><tr><td>   <a href=\"http:\/\/es.wikipedia.org\/wiki\/1808\">1808<\/a>   <\/td><td>   <a href=\"http:\/\/es.wikipedia.org\/wiki\/21_de_septiembre\">21   de septiembre<\/a>   <\/td><td>   <a href=\"http:\/\/es.wikipedia.org\/wiki\/Junta_de_Montevideo\">Junta de Montevideo<\/a>   <\/td><td>   <a href=\"http:\/\/es.wikipedia.org\/wiki\/Virreinato_del_R%C3%ADo_de_la_Plata\">Virreinato del R\u00edo de la Plata<\/a>   <\/td><td>   <a href=\"http:\/\/es.wikipedia.org\/wiki\/Uruguay\">Uruguay<\/a>   <\/td><td>   <a href=\"http:\/\/es.wikipedia.org\/wiki\/Francisco_Javier_de_El%C3%ADo\">Francisco Javier de El\u00edo<\/a>   <\/td><\/tr><tr><td>   <a href=\"http:\/\/es.wikipedia.org\/wiki\/1809\">1809<\/a>   <\/td><td>   <a href=\"http:\/\/es.wikipedia.org\/wiki\/25_de_mayo\">25   de mayo<\/a>   <\/td><td>   <a href=\"http:\/\/es.wikipedia.org\/wiki\/Revoluci%C3%B3n_de_Chuquisaca\">Revoluci\u00f3n de Chuquisaca<\/a>   <\/td><td>   <a href=\"http:\/\/es.wikipedia.org\/wiki\/Virreinato_del_R%C3%ADo_de_la_Plata\">Virreinato del R\u00edo de la Plata<\/a>   <\/td><td>   <a href=\"http:\/\/es.wikipedia.org\/wiki\/Bolivia\">Bolivia<\/a>   <\/td><td>   <a href=\"http:\/\/es.wikipedia.org\/wiki\/Bernardo_de_Monteagudo\">Bernardo de Monteagudo<\/a><br>   <a href=\"http:\/\/es.wikipedia.org\/wiki\/Jaime_de_Zud%C3%A1%C3%B1ez\">Jaime de Zud\u00e1\u00f1ez<\/a>   <\/td><\/tr><tr><td>   <a href=\"http:\/\/es.wikipedia.org\/wiki\/1809\">1809<\/a>   <\/td><td>   <a href=\"http:\/\/es.wikipedia.org\/wiki\/16_de_julio\">16   de julio<\/a>   <\/td><td>   <a href=\"http:\/\/es.wikipedia.org\/wiki\/Junta_Tuitiva\">Junta   Tuitiva<\/a>&nbsp;en La Paz   <\/td><td>   <a href=\"http:\/\/es.wikipedia.org\/wiki\/Virreinato_del_R%C3%ADo_de_la_Plata\">Virreinato del R\u00edo de la Plata<\/a>   <\/td><td>   <a href=\"http:\/\/es.wikipedia.org\/wiki\/Bolivia\">Bolivia<\/a>   <\/td><td>   <a href=\"http:\/\/es.wikipedia.org\/wiki\/Pedro_Domingo_Murillo\">Pedro Murillo<\/a>   <\/td><\/tr><tr><td>   <a href=\"http:\/\/es.wikipedia.org\/wiki\/1809\">1809<\/a>   <\/td><td>   <a href=\"http:\/\/es.wikipedia.org\/wiki\/10_de_agosto\">10   de agosto<\/a>   <\/td><td>   <a href=\"http:\/\/es.wikipedia.org\/wiki\/Primer_Grito_de_Independencia\">Primera Junta de Quito<\/a>   <\/td><td>   <a href=\"http:\/\/es.wikipedia.org\/wiki\/Virreinato_de_Nueva_Granada\">Virreinato de Nueva Granada<\/a>   <\/td><td>   <a href=\"http:\/\/es.wikipedia.org\/wiki\/Ecuador\">Ecuador<\/a>   <\/td><td>   <a href=\"http:\/\/es.wikipedia.org\/wiki\/Juan_P%C3%ADo_Mont%C3%BAfar\">Juan P\u00edo Mont\u00fafar<\/a>   <\/td><\/tr><tr><td>   <a href=\"http:\/\/es.wikipedia.org\/wiki\/1810\">1810<\/a>   <\/td><td>   <a href=\"http:\/\/es.wikipedia.org\/wiki\/19_de_abril\">19   de abril<\/a>   <\/td><td>   <a href=\"http:\/\/es.wikipedia.org\/wiki\/Junta_Suprema_de_Caracas\">Junta Suprema de Caracas<\/a>   <\/td><td>   <a href=\"http:\/\/es.wikipedia.org\/wiki\/Capitan%C3%ADa_General_de_Venezuela\">Capitan\u00eda General de Venezuela<\/a>,&nbsp;<a href=\"http:\/\/es.wikipedia.org\/wiki\/Virreinato_de_Nueva_Granada\">Virreinato de Nueva Granada<\/a>   <\/td><td>   <a href=\"http:\/\/es.wikipedia.org\/wiki\/Venezuela\">Venezuela<\/a>   <\/td><td>   <a href=\"http:\/\/es.wikipedia.org\/wiki\/Francisco_de_Miranda\">Francisco de Miranda<\/a><br>   <a href=\"http:\/\/es.wikipedia.org\/wiki\/Mart%C3%ADn_Tovar_Ponte\">Mart\u00edn Tovar Ponte<\/a><br>   Jos\u00e9 de las Llamozas<a href=\"http:\/\/es.wikipedia.org\/wiki\/Juan_Germ%C3%A1n_Roscio\">Juan Germ\u00e1n Roscio<\/a>   <\/td><\/tr><tr><td>   <a href=\"http:\/\/es.wikipedia.org\/wiki\/1810\">1810<\/a>   <\/td><td>   <a href=\"http:\/\/es.wikipedia.org\/wiki\/22_de_mayo\">22   de mayo<\/a>   <\/td><td>   <a href=\"http:\/\/es.wikipedia.org\/w\/index.php?title=Junta_de_Cartagena&amp;action=edit&amp;redlink=1\">Junta de Cartagena<\/a>   <\/td><td>   <a href=\"http:\/\/es.wikipedia.org\/wiki\/Nuevo_Reino_de_Granada\">Nuevo Reino de Granada<\/a>   <\/td><td>   <a href=\"http:\/\/es.wikipedia.org\/wiki\/Colombia\">Colombia<\/a>   <\/td><td>   <a href=\"http:\/\/es.wikipedia.org\/w\/index.php?title=Jos%C3%A9_Mar%C3%ADa_Garc%C3%ADa_de_Toledo&amp;action=edit&amp;redlink=1\">Jos\u00e9   Mar\u00eda Garc\u00eda de Toledo<\/a>   <\/td><\/tr><tr><td>   <a href=\"http:\/\/es.wikipedia.org\/wiki\/1810\">1810<\/a>   <\/td><td>   <a href=\"http:\/\/es.wikipedia.org\/wiki\/25_de_mayo\">25   de mayo<\/a>   <\/td><td>   <a href=\"http:\/\/es.wikipedia.org\/wiki\/Primera_Junta\">Primera   Junta de Buenos Aires<\/a>   <\/td><td>   <a href=\"http:\/\/es.wikipedia.org\/wiki\/Virreinato_del_R%C3%ADo_de_la_Plata\">Virreinato del R\u00edo de la Plata<\/a>   <\/td><td>   <a href=\"http:\/\/es.wikipedia.org\/wiki\/Argentina\">Argentina<\/a>   <\/td><td>   <a href=\"http:\/\/es.wikipedia.org\/wiki\/Cornelio_Saavedra\">Cornelio Saavedra<\/a><br>   <a href=\"http:\/\/es.wikipedia.org\/wiki\/Mariano_Moreno\">Mariano   Moreno<\/a><br>   <a href=\"http:\/\/es.wikipedia.org\/wiki\/Manuel_Belgrano\">Manuel   Belgrano<\/a>   <\/td><\/tr><tr><td>   <a href=\"http:\/\/es.wikipedia.org\/wiki\/1810\">1810<\/a>   <\/td><td>   <a href=\"http:\/\/es.wikipedia.org\/wiki\/3_de_julio\">3   de julio<\/a>   <\/td><td>   <a href=\"http:\/\/es.wikipedia.org\/w\/index.php?title=Junta_extraordinaria_de_Santiago_de_Cali&amp;action=edit&amp;redlink=1\">Junta   extraordinaria de Santiago de Cali<\/a>   <\/td><td>   <a href=\"http:\/\/es.wikipedia.org\/wiki\/Nuevo_Reino_de_Granada\">Nuevo Reino de Granada<\/a>   <\/td><td>   <a href=\"http:\/\/es.wikipedia.org\/wiki\/Colombia\">Colombia<\/a>   <\/td><td>   <a href=\"http:\/\/es.wikipedia.org\/wiki\/Joaqu%C3%ADn_de_Caycedo_y_Cuero\">Joaqu\u00edn de Caycedo y Cuero<\/a>   <\/td><\/tr><tr><td>   <a href=\"http:\/\/es.wikipedia.org\/wiki\/1810\">1810<\/a>   <\/td><td>   <a href=\"http:\/\/es.wikipedia.org\/wiki\/20_de_julio\">20   de julio<\/a>   <\/td><td>   <a href=\"http:\/\/es.wikipedia.org\/wiki\/Gritos_independentistas_(Colombia)\">Junta de Santa Fe<\/a>   <\/td><td>   <a href=\"http:\/\/es.wikipedia.org\/wiki\/Nuevo_Reino_de_Granada\">Nuevo Reino de Granada<\/a>   <\/td><td>   <a href=\"http:\/\/es.wikipedia.org\/wiki\/Colombia\">Colombia<\/a>   <\/td><td>   <a href=\"http:\/\/es.wikipedia.org\/wiki\/Francisco_Jos%C3%A9_de_Caldas\">Francisco Jos\u00e9 de Caldas<\/a><br>   <a href=\"http:\/\/es.wikipedia.org\/wiki\/Camilo_Torres_Tenorio\">Camilo Torres<\/a>   <\/td><\/tr><tr><td>   <a href=\"http:\/\/es.wikipedia.org\/wiki\/1810\">1810<\/a>   <\/td><td>   <a href=\"http:\/\/es.wikipedia.org\/wiki\/16_de_septiembre\">16   de septiembre<\/a>   <\/td><td>   <a href=\"http:\/\/es.wikipedia.org\/wiki\/Grito_de_Dolores\">Grito   de Dolores<\/a>   <\/td><td>   <a href=\"http:\/\/es.wikipedia.org\/wiki\/Virreinato_de_Nueva_Espa%C3%B1a\">Virreinato de Nueva Espa\u00f1a<\/a>   <\/td><td>   <a href=\"http:\/\/es.wikipedia.org\/wiki\/M%C3%A9xico\">M\u00e9xico<\/a>   <\/td><td>   <a href=\"http:\/\/es.wikipedia.org\/wiki\/Miguel_Hidalgo_y_Costilla\">Miguel Hidalgo y Costilla<\/a>   <\/td><\/tr><tr><td>   <a href=\"http:\/\/es.wikipedia.org\/wiki\/1810\">1810<\/a>   <\/td><td>   <a href=\"http:\/\/es.wikipedia.org\/wiki\/18_de_septiembre\">18   de septiembre<\/a>   <\/td><td>   <a href=\"http:\/\/es.wikipedia.org\/wiki\/Primera_Junta_Nacional_de_Gobierno_de_Chile\">Primera Junta Nacional   de Gobierno de Chile<\/a>   <\/td><td>   <a href=\"http:\/\/es.wikipedia.org\/wiki\/Reino_de_Chile\">Reino   de Chile<\/a>&nbsp;(<a href=\"http:\/\/es.wikipedia.org\/wiki\/Capitan%C3%ADa_General_de_Chile\">Capitan\u00eda General de Chile<\/a>)   <\/td><td>   <a href=\"http:\/\/es.wikipedia.org\/wiki\/Chile\">Chile<\/a>   <\/td><td>   <a href=\"http:\/\/es.wikipedia.org\/wiki\/Mateo_de_Toro_y_Zambrano\">Mateo de Toro y Zambrano<\/a><br>   <a href=\"http:\/\/es.wikipedia.org\/wiki\/Juan_Mart%C3%ADnez_de_Rozas\">Juan Mart\u00ednez de Rozas<\/a>   <\/td><\/tr><tr><td>   <a href=\"http:\/\/es.wikipedia.org\/wiki\/1811\">1811<\/a>   <\/td><td>   <a href=\"http:\/\/es.wikipedia.org\/wiki\/27_de_febrero\">27   de febrero<\/a>   <\/td><td>   <a href=\"http:\/\/es.wikipedia.org\/wiki\/Grito_de_Asencio\">Grito   de Asencio<\/a>   <\/td><td>   <a href=\"http:\/\/es.wikipedia.org\/wiki\/Virreinato_del_R%C3%ADo_de_la_Plata\">Virreinato del R\u00edo de la Plata<\/a>   <\/td><td>   <a href=\"http:\/\/es.wikipedia.org\/wiki\/Uruguay\">Uruguay<\/a>   <\/td><td>   <a href=\"http:\/\/es.wikipedia.org\/wiki\/Pedro_Jos%C3%A9_Viera\">Pedro Jos\u00e9 Viera<\/a><br>   <a href=\"http:\/\/es.wikipedia.org\/wiki\/Venancio_Benavides\">Venancio Benavides<\/a>   <\/td><\/tr><tr><td>   <a href=\"http:\/\/es.wikipedia.org\/wiki\/1811\">1811<\/a>   <\/td><td>   <a href=\"http:\/\/es.wikipedia.org\/wiki\/15_de_mayo\">15   de mayo<\/a>   <\/td><td>   <a href=\"http:\/\/es.wikipedia.org\/wiki\/Revoluci%C3%B3n_de_mayo_de_1811\">Junta del Paraguay<\/a>   <\/td><td>   <a href=\"http:\/\/es.wikipedia.org\/wiki\/Virreinato_del_R%C3%ADo_de_la_Plata\">Virreinato del R\u00edo de la Plata<\/a>   <\/td><td>   <a href=\"http:\/\/es.wikipedia.org\/wiki\/Paraguay\">Paraguay<\/a>   <\/td><td>   <a href=\"http:\/\/es.wikipedia.org\/wiki\/Pedro_Juan_Caballero\">Pedro Juan Caballero<\/a><br>   <a href=\"http:\/\/es.wikipedia.org\/wiki\/Fulgencio_Yegros\">Fulgencio   Yegros<\/a><br>   <a href=\"http:\/\/es.wikipedia.org\/wiki\/Gaspar_Rodr%C3%ADguez_de_Francia\">Gaspar Rodr\u00edguez de Francia<\/a>   <\/td><\/tr><tr><td>   <a href=\"http:\/\/es.wikipedia.org\/wiki\/1811\">1811<\/a>   <\/td><td>   <a href=\"http:\/\/es.wikipedia.org\/wiki\/20_de_junio\">20   de junio<\/a>   <\/td><td>   Bando al pueblo de&nbsp;<a href=\"http:\/\/es.wikipedia.org\/wiki\/Tacna\">Tacna<\/a>   <\/td><td>   <a href=\"http:\/\/es.wikipedia.org\/wiki\/Virreinato_del_Per%C3%BA\">Virreinato del Per\u00fa<\/a>   <\/td><td>   <a href=\"http:\/\/es.wikipedia.org\/wiki\/Per%C3%BA\">Per\u00fa<\/a>   <\/td><td>   <a href=\"http:\/\/es.wikipedia.org\/wiki\/Francisco_Antonio_de_Zela\">Francisco Antonio de Zela<\/a>   <\/td><\/tr><tr><td>   <a href=\"http:\/\/es.wikipedia.org\/wiki\/1811\">1811<\/a>   <\/td><td>   <a href=\"http:\/\/es.wikipedia.org\/wiki\/5_de_noviembre\">5   de noviembre<\/a>   <\/td><td>   <a href=\"http:\/\/es.wikipedia.org\/wiki\/Primer_movimiento_independentista_en_San_Salvador_de_1811\">Primera   Junta de San Salvador<\/a>   <\/td><td>   <a href=\"http:\/\/es.wikipedia.org\/wiki\/Capitan%C3%ADa_General_de_Guatemala\">Capitan\u00eda General de Guatemala<\/a>,&nbsp;<a href=\"http:\/\/es.wikipedia.org\/wiki\/Virreinato_de_Nueva_Espa%C3%B1a\">Virreinato de Nueva Espa\u00f1a<\/a>   <\/td><td>   <a href=\"http:\/\/es.wikipedia.org\/wiki\/El_Salvador\">El   Salvador<\/a>   <\/td><td>   <a href=\"http:\/\/es.wikipedia.org\/wiki\/Manuel_Jos%C3%A9_de_Arce_y_Fagoaga\">Manuel Jos\u00e9 Arce<\/a><br>   <a href=\"http:\/\/es.wikipedia.org\/wiki\/Leandro_Fagoaga\">Leandro   Fagoaga<\/a><br>   <a href=\"http:\/\/es.wikipedia.org\/wiki\/Jos%C3%A9_Mat%C3%ADas_Delgado\">Jos\u00e9 Mat\u00edas Delgado<\/a>   <\/td><\/tr><tr><td>   <a href=\"http:\/\/es.wikipedia.org\/wiki\/1814\">1814<\/a>   <\/td><td>   <a href=\"http:\/\/es.wikipedia.org\/wiki\/3_de_agosto\">3   de agosto<\/a>   <\/td><td>   <a href=\"http:\/\/es.wikipedia.org\/wiki\/Rebeli%C3%B3n_del_Cuzco\">Rebeli\u00f3n del Cuzco<\/a>   <\/td><td>   <a href=\"http:\/\/es.wikipedia.org\/wiki\/Virreinato_del_Per%C3%BA\">virreinato del Per\u00fa<\/a>   <\/td><td>   <a href=\"http:\/\/es.wikipedia.org\/wiki\/Per%C3%BA\">Per\u00fa<\/a>   <\/td><td>   <a href=\"http:\/\/es.wikipedia.org\/wiki\/Hermanos_Angulo\">Jos\u00e9   Angulo<\/a><br>   <a href=\"http:\/\/es.wikipedia.org\/wiki\/Mateo_Pumacahua\">Mateo   Pumacahua<\/a>   <\/td><\/tr><\/tbody><\/table><\/figure>\n\n\n\n<p>Las Juntas que proliferaron a lo largo del viejo sistema colonial, que si bien actuaban en primera instancia en nombre de Fernando VII, tras el regreso de \u00e9ste a la Corona espa\u00f1ola, decididamente impulsaron la independencia de la regi\u00f3n frente a la ofensiva espa\u00f1ola, que en el mapa americano hab\u00eda reducido el movimiento emancipatorio a la Junta de Mayo en 1815, especialmente cuando se adopta el Plan Maytland, que consist\u00eda en el osado cruce de Los Andes. De all\u00ed en m\u00e1s, la decidida acci\u00f3n de San Mart\u00edn en el Sur y Bol\u00edvar en el Norte revertir\u00edan la tendencia. <\/p>\n\n\n\n<p>En esa campa\u00f1a emancipadora, adem\u00e1s de San Mart\u00edn y Bol\u00edvar podemos contar los nombres de: Francisco de Miranda, Jos\u00e9 Mar\u00eda Morelos, Eugenio Espejo, Miguel Hidalgo, Sim\u00f3n Bol\u00edvar, Jos\u00e9 Miguel Lanza, Jos\u00e9 Artigas, Francisco de Paula Santander, Antonio Nari\u00f1o, Jos\u00e9 de F\u00e1brega, Jos\u00e9 Miguel Carrera, Bernardo O\u00b4Higgins, Antonio Jos\u00e9 de Sucre, Manuel Belgrano, Mart\u00edn Guemes, Joaqu\u00edn Olmedo, Le\u00f3n de Febres Cordero y Fulgencio Yegros, entre otros. El hilo conductor de todos ellos es la masoner\u00eda, eje articulador de la emancipaci\u00f3n americana. <\/p>\n\n\n\n<p><strong>Masones en la Revoluci\u00f3n<\/strong><\/p>\n\n\n\n<p>La figura de Francisco de Miranda puede resultar controvertida, sin embargo es quien comienza a impulsar la organizaci\u00f3n de las Logias revolucionarias que llevar\u00e1n adelante la emancipaci\u00f3n americana. En primera instancia, fue promotor ante el Supremo Consejo de la Francmasoner\u00eda Primitiva de Francia para conseguir la autorizaci\u00f3n en 1795 para desarrollar una Logia Madre del Rito con los refugiados de las colonias hispanoamericanas que resid\u00edan en Francia, Inglaterra, Holanda y otros pa\u00edses europeos. <\/p>\n\n\n\n<p>As\u00ed como la Logia Operativa \u201cIde\u00f3logos\u201d que actu\u00f3 durante la Revoluci\u00f3n Francia, se constituy\u00f3 una agrupaci\u00f3n externa que firm\u00f3 el \u201cPacto entre Diputados de villas y provincias de Am\u00e9rica Meridional\u201d en 1797, con representantes de M\u00e9xico, Per\u00fa, Chile, La Plata, Venezuela, Nueva Granada y Cuba. Esta organizaci\u00f3n, se traslad\u00f3 a Londres en 1798, donde Mirando logr\u00f3 un acuerdo con William Pitt, primer ministro de Gran Breta\u00f1a, para apoyar el proceso emancipatorio.<\/p>\n\n\n\n<p>De esta manera, se funda la Gran Logia Hispanoamericana, a partir de la formaci\u00f3n de las Logias para impulsar la emancipaci\u00f3n: \u00abLautaro\u00bb N\u00b0. 1, \u00abCaballeros Racionales\u00bb N\u00b0. 2 y&nbsp;\u00abUni\u00f3n Americana\u00bb N\u00b0. 3. La Logia \u00abLautaro\u00bb deb\u00eda pre-ocuparse, de preferencia, en sus trabajos por los asuntos de los pueblos de la&nbsp;costa del Atl\u00e1ntico de la Am\u00e9rica delSur; la de \u00abCaballeros Racionales\u00bb por los de la costa del Pac\u00edfico y la de \u00abUni\u00f3n Americana\u00bb por los de Nueva Es-pa\u00f1a hasta Panam\u00e1, incluyendo las Antillas.<\/p>\n\n\n\n<p>A estas agrupaciones comenzaron a sumarse miembros, donde la figura de Bernardo O\u00b4Higgins ser\u00eda destacable, porque luego de su traslado a C\u00e1diz en abril de 1799, ser\u00eda el encargado de fundar la Logia \u00abCaballeros&nbsp;Racionales de Cadiz\u00bb N\u00b0. 4. Posteriormente, se fundar\u00eda la Logia \u201cCaballeros Racionales N\u00b0 7, relevante porque tuvo entre sus miembros a Carlos Mar\u00eda de Alvear y fue la organizaci\u00f3n que garantiz\u00f3 el salvoconducto para que el Gral. San Mart\u00edn viaje al R\u00edo de la Plata, fue en esta regi\u00f3n, donde las operaciones emancipadoras comenzaron.<\/p>\n\n\n\n<p>La Ciudad de Santa Mar\u00eda de los Buenos Ayres se hab\u00eda convertido en capital del flamante Virreinato del R\u00edo de la Plata, estructura creada para custodiar el v\u00ednculo comercial abierto con el asedio ingl\u00e9s. Esto provocar\u00eda una articulaci\u00f3n de quienes se ven\u00edan perjudicados por el monopolio espa\u00f1ol, especialmente criollos, y la principal potencia en expansi\u00f3n.<\/p>\n\n\n\n<p>As\u00ed, en el a\u00f1o 1793, se celebra un pacto entre Francisco de Miranda y grupos mas\u00f3nicos organizados en la cuenca del plata, representados por Saturnino Rodr\u00edguez Pe\u00f1a, por el cual se acord\u00f3 el apoyo de tropas inglesas para lograr el proceso de emancipaci\u00f3n americana, sin implicar la subordinaci\u00f3n a la Corona Brit\u00e1nica. <\/p>\n\n\n\n<p>Es as\u00ed, que al producirse las Invasiones en 1806 y 1807, se incumple con el pacto al tratar de imponer la soberan\u00eda inglesa, lo que desat\u00f3 un movimiento de resistencia, encabezados por Juan Jos\u00e9 Castelli, donde comienza a manifestarse el accionar de la Logia Independencia.<\/p>\n\n\n\n<p>Las logias mas\u00f3nicas en el R\u00edo de la Plata ten\u00edan sus antecedentes desde fines siglo XVIII, donde levantaron columnas la \u201cSan Juan de Jerusal\u00e9n para esta parte de Am\u00e9rica \u2013 1804\u201d con Carta Constitutiva de la Gran Logia de Marylan y la legendaria \u201cIndependencia\u201d,&nbsp; cuyo&nbsp; primer funcionamiento data de 1795, con reconocimiento de la Gran Logia General Escocesa de Francia (antecedente del actual Gran Oriente Franc\u00e9s) y que luego se refundar\u00eda en 1801, bajo la veneratura de Juli\u00e1n Alvarez, decididamente, esta Logia impulsar\u00eda la formaci\u00f3n de un gobierno aut\u00f3nomo en los hechos de mayo del 1810.<\/p>\n\n\n\n<p>Cuando llega a las costas del R\u00edo de la Plata la noticia de la ca\u00edda del gobierno espa\u00f1ol, se precipitan los acontecimientos para concretar la formaci\u00f3n de una Junta. Que si bien hubo una primera arremetida con una salida intermedia, la nominaci\u00f3n del Virrey Cisneros como presidente, definitivamente, la formaci\u00f3n de la Sociedad de los Siete, el ala radicalizada de la Logia Independencia, condicion\u00f3 los acontecimientos para formar un gobierno con cabeza en Cornelio Saavedra. De esta manera, el Cabildo Abierto del a\u00f1o 1810, nombr\u00f3 la Junta integrada de la siguiente forma: Presidente: General Cornelio Saavedra (Mas\u00f3n), Secretarios: Mariano Moreno (Mas\u00f3n, miembro de la Logia Independencia) y Juan Jos\u00e9 Paso, (mas\u00f3n miembro de la Logia Independencia y la Sociedad de los siete), Vocales: Manuel Belgrano, (Mas\u00f3n miembro de la Logia Independencia, Sociedad de los siete, Logia Lautaro, VM:. De la Logia Argentina y posteriormente denominada Logia Unidad Argentina de la ciudad de Tucum\u00e1n), Miguel de Azcu\u00e9naga, Juan Jos\u00e9 Castelli, (mas\u00f3n VM:. De la Logia Independencia), Domingo Math\u00e9u, (Mas\u00f3n Logia Independencia), Juan Larrea (mas\u00f3n Logia Independencia) y Manuel Alberti. (mas\u00f3n Logia Independencia y Sociedad de los siete).-<\/p>\n\n\n\n<p>En la Logia Independencia y la Sociedad de los Siete, militaban Manuel Belgrano, Manuel Moreno e Hip\u00f3lito Vieytes, quienes pertenec\u00edan a la Logia Caballeros Racionales N\u00b0 7 de C\u00e1diz. Ser\u00e1 la Logia Independencia que propiciar\u00e1 la formaci\u00f3n de y la Logia Lautaro y facilitar\u00e1 el arribo de la Corbeta Canning, en 1812, con Alvear, Zapiola y San Mart\u00edn, este \u00faltimo responsable de llevar adelante la campa\u00f1a emancipadora en el Sur.<\/p>\n\n\n\n<p>En tanto que en el norte del sur de Am\u00e9rica, el mismo Francisco de Miranda impuls\u00f3 la formaci\u00f3n de Logias Lautarinas en la Gran Colombia, con figuras como Bello, Sucre, Sim\u00f3n Rodriguez y Bol\u00edvar, \u00e9ste \u00faltimo responsable de llevar adelante la campa\u00f1a emancipadora en el Norte.<\/p>\n\n\n\n<p>Tras un largo periplo de batallas y liberaci\u00f3n de pueblos, Am\u00e9rica Latina paso a paso fue conquistando su independencia a partir de los acuerdos de Guayaquil, entre San Mart\u00edn y Bol\u00edvar, que no seg\u00fan nuevas investigaciones no fue solo la delegaci\u00f3n militar al venezolano, sino una encomienda diplom\u00e1tica secreta al argentino para lograr el apoyo de la emancipaci\u00f3n en el viejo continente, tal como <\/p>\n\n\n\n<p>Incluso Brasil, que si bien tiene una transici\u00f3n diferente, la formaci\u00f3n de una monarqu\u00eda heredada del Rey portugu\u00e9s, cabe acotar que el nuevo monarca Pedro I asumi\u00f3 bajo una Constituci\u00f3n impulsada por masones, del que destaca Jos\u00e9 de Bonifacio. Si bien exist\u00edan grupos republicanos, como Gon\u00e7ales Ledo, reci\u00e9n en 1889, Brasil lograr\u00eda constituirse como Rep\u00fablica.<\/p>\n\n\n\n<p><strong>Congresos Constituyentes Nacionales y Declaraciones de Independencia<\/strong><\/p>\n\n\n\n<figure class=\"wp-block-table\"><table class=\"\"><tbody><tr><td>   <strong>Virreinato   o territorio emancipado<\/strong>   <\/td><td>   <strong>A\u00f1o<\/strong>   <\/td><td>   <strong>Fecha<\/strong>   <\/td><td>   <strong>Declaraci\u00f3n<\/strong>   <\/td><td>   <strong>Nombre<\/strong>   <\/td><td>   <strong>Pa\u00eds   actual<\/strong>   <\/td><\/tr><tr><td>   <a href=\"http:\/\/es.wikipedia.org\/wiki\/Capitan%C3%ADa_General_de_Venezuela\">Capitan\u00eda General de Venezuela<\/a>   <\/td><td>   <a href=\"http:\/\/es.wikipedia.org\/wiki\/1811\">1811<\/a>   <\/td><td>   <a href=\"http:\/\/es.wikipedia.org\/wiki\/5_de_julio\">5 de julio<\/a>   <\/td><td>   <a href=\"http:\/\/es.wikipedia.org\/wiki\/Acta_de_la_Declaraci%C3%B3n_de_Independencia_de_Venezuela\">Acta de la   Declaraci\u00f3n de Independencia de Venezuela<\/a>   <\/td><td>   <a href=\"http:\/\/es.wikipedia.org\/wiki\/Primera_Rep%C3%BAblica_de_Venezuela\">Confederaci\u00f3n Americana de Venezuela<\/a>   <\/td><td>   <a href=\"http:\/\/es.wikipedia.org\/wiki\/Venezuela\">Venezuela<\/a>   <\/td><\/tr><tr><td>   <a href=\"http:\/\/es.wikipedia.org\/wiki\/Virreinato_de_Nueva_Granada\">Virreinato de Nueva Granada<\/a>   <\/td><td>   <a href=\"http:\/\/es.wikipedia.org\/wiki\/1811\">1811<\/a>   <\/td><td>   <a href=\"http:\/\/es.wikipedia.org\/wiki\/15_de_julio\">15 de julio<\/a>   <\/td><td>   <a href=\"http:\/\/es.wikipedia.org\/wiki\/Patria_Boba\">Constituci\u00f3n   de Cundinamarca<\/a>   <\/td><td>   <a href=\"http:\/\/es.wikipedia.org\/wiki\/Provincias_Unidas_de_la_Nueva_Granada\">Provincias Unidas de la Nueva   Granada<\/a>   <\/td><td>   <a href=\"http:\/\/es.wikipedia.org\/wiki\/Colombia\">Colombia<\/a>   <\/td><\/tr><tr><td>   <a href=\"http:\/\/es.wikipedia.org\/wiki\/Virreinato_de_Nueva_Granada\">Virreinato de Nueva Granada<\/a>   <\/td><td>   <a href=\"http:\/\/es.wikipedia.org\/wiki\/1811\">1811<\/a>   <\/td><td>   <a href=\"http:\/\/es.wikipedia.org\/wiki\/11_de_septiembre\">11 de   septiembre<\/a>   <\/td><td>   <a href=\"http:\/\/es.wikipedia.org\/wiki\/Independencia_de_Cartagena\">Independencia de Cartagena<\/a>   <\/td><td>   <a href=\"http:\/\/es.wikipedia.org\/wiki\/Estado_Libre_de_Cartagena\">Estado Libre de Cartagena<\/a>   <\/td><td>   <a href=\"http:\/\/es.wikipedia.org\/wiki\/Colombia\">Colombia<\/a>   <\/td><\/tr><tr><td>   <a href=\"http:\/\/es.wikipedia.org\/wiki\/Virreinato_del_R%C3%ADo_de_la_Plata\">Virreinato del R\u00edo de la Plata<\/a>   <\/td><td>   <a href=\"http:\/\/es.wikipedia.org\/wiki\/1813\">1813<\/a>   <\/td><td>   <a href=\"http:\/\/es.wikipedia.org\/wiki\/31_de_enero\">31 de enero<\/a>   <\/td><td>   <a href=\"http:\/\/es.wikipedia.org\/wiki\/Asamblea_del_A%C3%B1o_XIII\">Asamblea General Constituyente del A\u00f1o 1813<\/a>   <\/td><td>   <a href=\"http:\/\/es.wikipedia.org\/wiki\/Provincias_Unidas_del_R%C3%ADo_de_la_Plata\">Provincias Unidas del R\u00edo de la   Plata<\/a>   <\/td><td>   <a href=\"http:\/\/es.wikipedia.org\/wiki\/Argentina\">Argentina<\/a>&nbsp;y&nbsp;<a href=\"http:\/\/es.wikipedia.org\/wiki\/Uruguay\">Uruguay<\/a>&nbsp;(inclu\u00eda a   Bolivia y Paraguay)   <\/td><\/tr><tr><td>   <a href=\"http:\/\/es.wikipedia.org\/wiki\/Gobierno_de_las_Misiones_Guaran%C3%ADes\">Gobierno de las Misiones Guaran\u00edes<\/a>&nbsp;del<a href=\"http:\/\/es.wikipedia.org\/wiki\/Virreinato_del_R%C3%ADo_de_la_Plata\">Virreinato del R\u00edo de la Plata<\/a>   <\/td><td>   <a href=\"http:\/\/es.wikipedia.org\/wiki\/1813\">1813<\/a>   <\/td><td>   <a href=\"http:\/\/es.wikipedia.org\/wiki\/12_de_octubre\">12 de octubre<\/a>   <\/td><td>   <a href=\"http:\/\/es.wikipedia.org\/wiki\/Constituci%C3%B3n_del_Paraguay\">Primera constituci\u00f3n paraguaya<\/a>   <\/td><td>   <a href=\"http:\/\/es.wikipedia.org\/wiki\/Paraguay#Independencia\">Independencia   paraguaya<\/a>   <\/td><td>   <a href=\"http:\/\/es.wikipedia.org\/wiki\/Paraguay\">Paraguay<\/a>   <\/td><\/tr><tr><td>   <a href=\"http:\/\/es.wikipedia.org\/wiki\/Virreinato_de_Nueva_Espa%C3%B1a\">Virreinato de Nueva Espa\u00f1a<\/a>   <\/td><td>   <a href=\"http:\/\/es.wikipedia.org\/wiki\/1813\">1813<\/a>   <\/td><td>   <a href=\"http:\/\/es.wikipedia.org\/wiki\/13_de_septiembre\">13 de   septiembre<\/a>   <\/td><td>   <a href=\"http:\/\/es.wikipedia.org\/wiki\/Acta_Solemne_de_la_Declaraci%C3%B3n_de_Independencia_de_la_Am%C3%A9rica_Septentrional\">Independencia   de la Am\u00e9rica Septentrional<\/a>   <\/td><td>   <a href=\"http:\/\/es.wikipedia.org\/wiki\/Congreso_de_Chilpancingo\">Congreso de Chilpancingo<\/a>   <\/td><td>   <a href=\"http:\/\/es.wikipedia.org\/wiki\/M%C3%A9xico\">M\u00e9xico<\/a>   <\/td><\/tr><tr><td>   <a href=\"http:\/\/es.wikipedia.org\/wiki\/Gobernaci%C3%B3n_de_Montevideo\">Gobernaci\u00f3n de Montevideo<\/a>&nbsp;del&nbsp;<a href=\"http:\/\/es.wikipedia.org\/wiki\/Virreinato_del_R%C3%ADo_de_la_Plata\">Virreinato del R\u00edo de la Plata<\/a>   <\/td><td>   <a href=\"http:\/\/es.wikipedia.org\/wiki\/1815\">1815<\/a>   <\/td><td>   <a href=\"http:\/\/es.wikipedia.org\/wiki\/29_de_junio\">29 de junio<\/a>   <\/td><td>   <a href=\"http:\/\/es.wikipedia.org\/wiki\/Congreso_de_Oriente\">Congreso de Oriente<\/a>   <\/td><td>   <a href=\"http:\/\/es.wikipedia.org\/wiki\/Liga_Federal\">Liga Federal<\/a>   <\/td><td>   <a href=\"http:\/\/es.wikipedia.org\/wiki\/Uruguay\">Uruguay<\/a>   <\/td><\/tr><tr><td>   <a href=\"http:\/\/es.wikipedia.org\/wiki\/Virreinato_del_R%C3%ADo_de_la_Plata\">Virreinato del R\u00edo de la Plata<\/a>   <\/td><td>   <a href=\"http:\/\/es.wikipedia.org\/wiki\/1816\">1816<\/a>   <\/td><td>   <a href=\"http:\/\/es.wikipedia.org\/wiki\/29_de_junio\">29 de junio<\/a>   <\/td><td>   <a href=\"http:\/\/es.wikipedia.org\/wiki\/Declaraci%C3%B3n_de_independencia_de_la_Argentina\">Declaraci\u00f3n de independencia de la   Argentina<\/a>   <\/td><td>   <a href=\"http:\/\/es.wikipedia.org\/wiki\/Congreso_de_Tucum%C3%A1n\">Congreso de Tucum\u00e1n<\/a>   <\/td><td>   <a href=\"http:\/\/es.wikipedia.org\/wiki\/Argentina\">Argentina<\/a>   <\/td><\/tr><tr><td>   <a href=\"http:\/\/es.wikipedia.org\/wiki\/Capitan%C3%ADa_General_de_Chile\">Capitan\u00eda General de Chile<\/a>   <\/td><td>   <a href=\"http:\/\/es.wikipedia.org\/wiki\/1818\">1818<\/a>   <\/td><td>   <a href=\"http:\/\/es.wikipedia.org\/wiki\/12_de_febrero\">12 de febrero<\/a>   <\/td><td>   <a href=\"http:\/\/es.wikipedia.org\/wiki\/Acta_de_Independencia_de_Chile\">Acta de Independencia de Chile<\/a>   <\/td><td>   <a href=\"http:\/\/es.wikipedia.org\/wiki\/Historia_del_constitucionalismo_chileno\">Historia del constitucionalismo   chileno<\/a>   <\/td><td>   <a href=\"http:\/\/es.wikipedia.org\/wiki\/Chile\">Chile<\/a>   <\/td><\/tr><tr><td>   <a href=\"http:\/\/es.wikipedia.org\/wiki\/Virreinato_de_Nueva_Granada\">Virreinato de Nueva Granada<\/a>&nbsp;y&nbsp;<a href=\"http:\/\/es.wikipedia.org\/wiki\/Capitan%C3%ADa_General_de_Venezuela\">Capitan\u00eda General de Venezuela<\/a>   <\/td><td>   <a href=\"http:\/\/es.wikipedia.org\/wiki\/1819\">1819<\/a>   <\/td><td>   <a href=\"http:\/\/es.wikipedia.org\/wiki\/17_de_diciembre\">17 de   diciembre<\/a>   <\/td><td>   <a href=\"http:\/\/es.wikipedia.org\/wiki\/Congreso_de_C%C3%BAcuta\">Congreso de C\u00facuta<\/a>   <\/td><td>   <a href=\"http:\/\/es.wikipedia.org\/wiki\/Gran_Colombia\">Gran Colombia<\/a>   <\/td><td>   <a href=\"http:\/\/es.wikipedia.org\/wiki\/Colombia\">Colombia<\/a>,&nbsp;<a href=\"http:\/\/es.wikipedia.org\/wiki\/Venezuela\">Venezuela<\/a>,&nbsp;<a href=\"http:\/\/es.wikipedia.org\/wiki\/Ecuador\">Ecuador<\/a>&nbsp;y<a href=\"http:\/\/es.wikipedia.org\/wiki\/Panam%C3%A1\">Panam\u00e1<\/a>   <\/td><\/tr><tr><td>   <a href=\"http:\/\/es.wikipedia.org\/wiki\/Gobierno_de_Guayaquil\">Gobierno de Guayaquil<\/a>&nbsp;del&nbsp;<a href=\"http:\/\/es.wikipedia.org\/wiki\/Virreinato_del_Per%C3%BA\">Virreinato del Per\u00fa<\/a>   <\/td><td>   <a href=\"http:\/\/es.wikipedia.org\/wiki\/1820\">1820<\/a>   <\/td><td>   <a href=\"http:\/\/es.wikipedia.org\/wiki\/8_de_noviembre\">8 de noviembre<\/a>   <\/td><td>   <a href=\"http:\/\/es.wikipedia.org\/wiki\/Independencia_de_Guayaquil\">Independencia de Guayaquil<\/a>   <\/td><td>   <a href=\"http:\/\/es.wikipedia.org\/wiki\/Provincia_Libre_de_Guayaquil\">Provincia Libre de Guayaquil<\/a>   <\/td><td>   <a href=\"http:\/\/es.wikipedia.org\/wiki\/Ecuador\">Ecuador<\/a>   <\/td><\/tr><tr><td>   <a href=\"http:\/\/es.wikipedia.org\/wiki\/Virreinato_del_Per%C3%BA\">Virreinato del Per\u00fa<\/a>   <\/td><td>   <a href=\"http:\/\/es.wikipedia.org\/wiki\/1821\">1821<\/a>   <\/td><td>   <a href=\"http:\/\/es.wikipedia.org\/wiki\/28_de_julio\">28 de julio<\/a>   <\/td><td>   <a href=\"http:\/\/es.wikipedia.org\/wiki\/Independencia_del_Per%C3%BA\">Declaraci\u00f3n de Independencia<\/a>   <\/td><td>   <a href=\"http:\/\/es.wikipedia.org\/wiki\/Congreso_Constituyente_del_Per%C3%BA_(1822)\">Congreso Constituyente del Per\u00fa   (1822)<\/a>   <\/td><td>   <a href=\"http:\/\/es.wikipedia.org\/wiki\/Per%C3%BA\">Per\u00fa<\/a>   <\/td><\/tr><tr><td>   <a href=\"http:\/\/es.wikipedia.org\/wiki\/Capitan%C3%ADa_General_de_Guatemala\">Capitan\u00eda General de Guatemala<\/a>   <\/td><td>   <a href=\"http:\/\/es.wikipedia.org\/wiki\/1821\">1821<\/a>   <\/td><td>   <a href=\"http:\/\/es.wikipedia.org\/wiki\/15_de_septiembre\">15 de   septiembre<\/a>   <\/td><td>   <a href=\"http:\/\/es.wikipedia.org\/wiki\/Independencia_de_Centroam%C3%A9rica\">Independencia de Centroam\u00e9rica<\/a>   <\/td><td>   &nbsp;   <\/td><td>   <a href=\"http:\/\/es.wikipedia.org\/wiki\/Guatemala\">Guatemala<\/a>,&nbsp;<a href=\"http:\/\/es.wikipedia.org\/wiki\/El_Salvador\">El Salvador<\/a>,<a href=\"http:\/\/es.wikipedia.org\/wiki\/Honduras\">Honduras<\/a>,&nbsp;<a href=\"http:\/\/es.wikipedia.org\/wiki\/Nicaragua\">Nicaragua<\/a>&nbsp;y&nbsp;<a href=\"http:\/\/es.wikipedia.org\/wiki\/Costa_Rica\">Costa Rica<\/a>   <\/td><\/tr><tr><td>   <a href=\"http:\/\/es.wikipedia.org\/wiki\/Provincia_de_Nueva_Espa%C3%B1a\">Provincia de Nueva Espa\u00f1a<\/a>   <\/td><td>   <a href=\"http:\/\/es.wikipedia.org\/wiki\/1821\">1821<\/a>   <\/td><td>   <a href=\"http:\/\/es.wikipedia.org\/wiki\/28_de_septiembre\">28 de   septiembre<\/a>   <\/td><td>   <a href=\"http:\/\/es.wikipedia.org\/wiki\/Acta_de_Independencia_del_Imperio_Mexicano\">Acta de Independencia del Imperio   Mexicano<\/a>   <\/td><td>   <a href=\"http:\/\/es.wikipedia.org\/wiki\/Junta_Provisional_Gubernativa\">Junta Provisional Gubernativa<\/a>   <\/td><td>   <a href=\"http:\/\/es.wikipedia.org\/wiki\/M%C3%A9xico\">M\u00e9xico<\/a>   <\/td><\/tr><tr><td>   <a href=\"http:\/\/es.wikipedia.org\/wiki\/Provincia_del_Istmo\">Provincia del Istmo<\/a>&nbsp;y&nbsp;<a href=\"http:\/\/es.wikipedia.org\/wiki\/Provincia_de_Veragua\">Provincia de Veragua<\/a> del&nbsp;<a href=\"http:\/\/es.wikipedia.org\/wiki\/Virreinato_de_Nueva_Granada\">virreinato de Nueva Granada<\/a>   <\/td><td>   <a href=\"http:\/\/es.wikipedia.org\/wiki\/1821\">1821<\/a>   <\/td><td>   <a href=\"http:\/\/es.wikipedia.org\/wiki\/28_de_noviembre\">28 de   noviembre<\/a>   <\/td><td>   <a href=\"http:\/\/es.wikipedia.org\/wiki\/Acta_de_Independencia_de_Panam%C3%A1\">Acta de Independencia de Panam\u00e1<\/a>   <\/td><td>   <a href=\"http:\/\/es.wikipedia.org\/wiki\/Independencia_de_Panam%C3%A1\">Independencia de Panam\u00e1<\/a>   <\/td><td>   <a href=\"http:\/\/es.wikipedia.org\/wiki\/Panam%C3%A1\">Panam\u00e1<\/a>   <\/td><\/tr><tr><td>   <a href=\"http:\/\/es.wikipedia.org\/wiki\/Provincia_de_Charcas\">Provincia de Charcas<\/a>&nbsp;del&nbsp;<a href=\"http:\/\/es.wikipedia.org\/wiki\/Virreinato_del_R%C3%ADo_de_la_Plata\">Virreinato del R\u00edo de la Plata<\/a>   <\/td><td>   <a href=\"http:\/\/es.wikipedia.org\/wiki\/1825\">1825<\/a>   <\/td><td>   <a href=\"http:\/\/es.wikipedia.org\/wiki\/6_de_agosto\">6 de agosto<\/a>   <\/td><td>   <a href=\"http:\/\/es.wikipedia.org\/wiki\/Declaraci%C3%B3n_de_Independencia_de_Bolivia\">Declaraci\u00f3n de Independencia de   Bolivia<\/a>   <\/td><td>   <a href=\"http:\/\/es.wikipedia.org\/wiki\/Asamblea_General_de_Diputados_de_las_Provincias_del_Alto_Per%C3%BA\">Asamblea   General de Diputados de las Provincias del Alto Per\u00fa<\/a>   <\/td><td>   <a href=\"http:\/\/es.wikipedia.org\/wiki\/Bolivia\">Bolivia<\/a>   <\/td><\/tr><\/tbody><\/table><\/figure>\n\n\n\n<p><strong>Conclusiones<\/strong><\/p>\n\n\n\n<p>La exposici\u00f3n de este trabajo focaliza en el accionar de las Logias, por lo que no pretende ser excluyente de otros sujetos participantes en el proceso emancipatorio, como mujeres, afrosdescendientes o pueblos originarios. Simplemente analiz\u00f3 el rol organizativo que aportaron las Logias a la emancipaci\u00f3n americana, destacando la importancia estrat\u00e9gica del proceso. Incentiva as\u00ed a dar luz al estudio de una organizaci\u00f3n que form\u00f3 los Partidos de Cuadros de las revoluciones hispanoamericanas. Resta hacer un balance cr\u00edtico de sus influencias pol\u00edticas y culturales.<\/p>\n\n\n\n<p><strong>Bibliograf\u00eda<\/strong><\/p>\n\n\n\n<ul class=\"wp-block-list\"><li>Antioque\u00f1o, J. M., \u201cEl Movimiento Emancipador en Am\u00e9rica\u201d, Extracto Traducido por S. Bradt Revista Internacional de Masoner\u00eda \u201cHiram Abifel-hijo de una viuda Neftali\u201d, Mar del Plata, A\u00f1o VI, N\u00b0 68, p.9.<\/li><li>Baigent, Michael y Leigh Richard,&nbsp;<em>Masonesy templarios<\/em>, m.r. ediciones, 2005.<\/li><li>Boccia Roma\u00f1ach,&nbsp;<em>LaMasoner\u00eday la independencia americana<\/em>, Servilibro, 2003.<\/li><li>Bra, Carlos, \u201cLa P2 en la Argentina\u201d, Todo es Historia, 1985.<\/li><li>Calvo, Nancy; Di Stefano, Roberto y Klaus Gallo \u201cLos Curas de la Revoluci\u00f3n\u201d.<\/li><li>Corbiere, Emilio,&nbsp;<em>LaMasoner\u00eda, I y II,&nbsp;<\/em>Edit. Sudamericana, Bs. As. 2001.<\/li><li>D\u00b4Elia Junior, Raymundo,&nbsp;<em>Ma\u00e7onaria 100 instru\u00e7oes de aprendiz<\/em>, Madras, 2007.<\/li><li>Da Camino Rizzardo,&nbsp;<em>O mestrado ma\u00e7\u00f4nico,<\/em>&nbsp;Madras, 2007.<\/li><li>De Gand\u00eda, Enrique, La Independencia de Am\u00e9rica y Las Sociedades Secretas, Ed. Sudam\u00e9rica &#8211; Santa Fe, 1994.<\/li><li>De Maestre, Joseph,&nbsp;<em>La Fran Ma\u00e7onnerie<\/em>, Rieder Editeurs. Paris, 1925.<\/li><li>Di Tella, Torcuato (1998) Los partidos pol\u00edticos: teor\u00eda y an\u00e1lisis comparativo. Buenos Aires, A-Z.<\/li><li>Dossier Almaz\u00e1n, Bernardo \u201cBeresford, Gobernador de Buenos Aires\u201d<\/li><li>Dumas, Alejandro,&nbsp;<em>Los caballeros templarios<\/em>, Plaza Dorrego, 2004.<\/li><li>Duverger, Maurice (1965) Los partidos pol\u00edticos. M\u00e9xico, FCE.<\/li><li>Encause, Gerard,&nbsp;<em>O que deve saber um mestre ma\u00e7om,&nbsp;<\/em>Ed. Pensamento, Sao Paulo, 2006.<\/li><li>Fay, Bernard&nbsp;<em>La francmasoner\u00eda y la revoluci\u00f3n intelectual del siglo XVIII<\/em>, Huemul, Bs. As. 1963.<\/li><li>Fernandez Cabrelli, Alfonso (1982)&nbsp;Masoner\u00eda, Morenismo, Artiguismo. Presencia e influencia de la francmasoner\u00eda en los movimientos independentistas del R\u00edo de la Plata.&nbsp; Montevideo, Am\u00e9rica Una.<\/li><li>Ferreira, Tito Livio,&nbsp;<em>A ma\u00e7oneria na independencia brasileira<\/em>, Editora.1962.<\/li><li>Freinet, Guillaume,&nbsp;<em>Masonesy rosacruces,<\/em>&nbsp;Andr\u00f3meda, 2006.<\/li><li>Galvez, Luc\u00eda,&nbsp;<em>\u00bfComo Dios Manda?<\/em>, Norma, 2006.<\/li><li>Gonz\u00e1lez, Federico,&nbsp;<em>Hermetismo yMasoner\u00eda,&nbsp;<\/em>Kier, 2004.<\/li><li>Harari, Fabi\u00e1n (2006) La contra. Los enemigos de la Revoluci\u00f3n de Mayo ayer y hoy. Buenos Aires, ediciones Raz\u00f3n y Revoluci\u00f3n.<\/li><li>Hurtado, Armando,&nbsp;<em>NosotrosMasones, EDAF, 2005.<\/em><\/li><li>Jeffers, Paul,&nbsp;<em>LaMasoner\u00eda,&nbsp;<\/em>El Ateneo, 2005.<\/li><li>Lagomarsino Pezzali, Luis Alberto,&nbsp;<em>La cruzada de los caballeros orientales<\/em>, 2007.<\/li><li>Lappas, Alcibiades,&nbsp;<em>LaMasoner\u00edaArgentina a trav\u00e9s de sus hombres<\/em>, Bs. As. 2000.<\/li><li>Lazcano, Mart\u00edn V. \u201cLas Sociedades Secretas, Pol\u00edticas y Mas\u00f3nicas de Buenos Aires\u201d.<\/li><li>Lavagnini, Aldo,&nbsp;<em>Manual del Aprendiz; del Compa\u00f1ero; y del Maestro<\/em>, Kier, vs. eds.<\/li><li>Leadbeater, C. W.,&nbsp;<em>Freemansory and its ancient mystic rites<\/em>, 1986.<\/li><li>Leadbeater, C. W.,&nbsp;<em>LaMasoner\u00eda<\/em>, Edicomunicaci\u00f3n, 1986.<\/li><li>Lopez de Rojas, Gabriel y Riera, Marta,&nbsp;<em>El iniciado mas\u00f3nico<\/em>, Planeta de Agostini, 2003.<\/li><li>Mansur Neto, Elias,&nbsp;<em>Masoner\u00eda<\/em>, Papyrus 2, Digerati, 2006.<\/li><li>Martinez Otero, Luis Miguel,&nbsp;<em>LaMasoner\u00eda<\/em>, Obelisco, 2005.<\/li><li>Mellor, Alec,&nbsp;<em>Franco-Ma\u00e7onaria<\/em>, Pensamento, 1976.<\/li><li>Mellor, Alec,&nbsp;<em>La Franmasoner\u00eda,&nbsp;<\/em>Ahar, Barcelona, 1977.<\/li><li>Mellor, Alec,&nbsp;<em>Lamasoner\u00eda,&nbsp;<\/em>Ahar, Barcelona 1968.<\/li><li>Menu\u00e9,&nbsp;<em>LaMasoner\u00eda,&nbsp;<\/em>GRM, 2004.<\/li><li>Panebianco, Angelo (1990) Modelos de Partido. Madrid, Alianza.<\/li><li>Paso, Leonardo (1974) Historia de los or\u00edgenes de los partidos pol\u00edticos (1810-1918). Buenos Aires, Cartago.<\/li><li>Pasquino, Gianfranco (1993) Manual de ciencia pol\u00edtica. Madrid, Alianza.<\/li><li>Peradejordi, Juli,&nbsp;<em>Cosmogon\u00eda mas\u00f3nica<\/em>, Kier, 1992.<\/li><li>Pereira Couto,<em>&nbsp;Diccionario secreto de laMasoner\u00eda<\/em>, Digerati, 2006.<\/li><li>Picknett, Lynn y Prince, Clive,&nbsp;<em>La revelaci\u00f3n de los Templarios<\/em>, Edic. Martinez Roca, 1997.<\/li><li>Revista S\u00edmbolo, Revista de la&nbsp;Masoner\u00eda&nbsp;Argentina, varios n\u00fameros.<\/li><li>Ridley, Jasper,&nbsp;<em>LosMasones<\/em>, Vergara Editor, 1999.<\/li><li>Romero Ricardo, <em>Masoner\u00eda en la Revoluci\u00f3n de Mayo. Influencia en su pensamiento pol\u00edtico<\/em>, Ediciones Mas\u00f3nicas Argentina, 2010.<\/li><li>Rondanina, Esteban (1965) Liberalismo,&nbsp;masoner\u00eda&nbsp;y socialismo en la evoluci\u00f3n nacional. Buenos Aires, Libera.<\/li><li>Rondanina, Esteban,&nbsp;<em>Liberalismo,masoner\u00eday socialismo<\/em>, Bs. As.,1965.<\/li><li>Rottjer, Anibal,&nbsp;<em>Lamasoneriaen la Argentina y en el mundo,&nbsp;<\/em>El nuevo orden, 1983.<\/li><li>Sanguinetti, Jorge,&nbsp;<em>Espiritualidad yMasoner\u00eda<\/em>, Kier, 2007.<\/li><li>Silva, Raul,&nbsp;<em>Ma\u00e7onaria simb\u00f3lica<\/em>, Edit. Pensamento, Sao Paulo, 1997.<\/li><li>Siqueira, Paulo,&nbsp;<em>Do p\u00f3 \u00e1s estrelas<\/em>, 2005.<\/li><li>Terragno, Rodolfo, <em>Plan Maitland<\/em>, Sudamericana, Bs. As., 2012.<\/li><li>Terragno, Rodolgo, <em>Diario \u00cdntimo de San Mart\u00edn, <\/em>DelBolsillo, Bs. As., 2012.<\/li><li>Vedoya, Juan Carlos, \u201cEstatuas y&nbsp;Masones\u201d, Revista Todo es Historia, 1977.<\/li><li>Waite, Edward,&nbsp;<em>A new encyclopaedia of freemasonry<\/em>, Wings Books, 2006.<\/li><li>Weinberg, Gregorio,&nbsp;<em>Epistolario Belgraniano<\/em>, Taurus, 2001,<\/li><li>Winlmshurst, W. L.,&nbsp;<em>The meaning of masonry<\/em>, Gramercy Books,&nbsp;New York, 1980.<\/li><li>Wirth, Oswald,&nbsp;<em>El ideal iniciatico<\/em>, Kier, 2003.<\/li><li>Z\u00fa\u00f1iga, Antonio RT. \u201cLa Logia Lautaro y la Independencia de Am\u00e9rica\u201d. <\/li><\/ul>\n","protected":false},"excerpt":{"rendered":"<p>I Jornadas de Investigaci\u00f3n Sanmartiniana \u201cEl General Jos\u00e9 de San Martin, su figura y protagonismo en el \u00e1mbito de los procesos de independencia de Am\u00e9rica. Estrategias, valores y formas de identificaci\u00f3n en el pensamiento sanmartiniano.\u201d Masoner\u00eda en la emancipaci\u00f3n americana Autor: Romero Ricardo, Polit\u00f3logo \u2013 UBA\/UNSAM. Prof. e Inv. UBA\/UCES. Prof. CNBA\/CPEL. Director: Proyecto de [&hellip;]<\/p>\n","protected":false},"author":1,"featured_media":0,"comment_status":"closed","ping_status":"closed","sticky":false,"template":"","format":"standard","meta":{"footnotes":""},"categories":[7],"tags":[],"class_list":["post-298","post","type-post","status-publish","format-standard","hentry","category-sobre-la-masoneria"],"_links":{"self":[{"href":"https:\/\/www.granlogiaregularargentina.org\/glra\/wp-json\/wp\/v2\/posts\/298","targetHints":{"allow":["GET"]}}],"collection":[{"href":"https:\/\/www.granlogiaregularargentina.org\/glra\/wp-json\/wp\/v2\/posts"}],"about":[{"href":"https:\/\/www.granlogiaregularargentina.org\/glra\/wp-json\/wp\/v2\/types\/post"}],"author":[{"embeddable":true,"href":"https:\/\/www.granlogiaregularargentina.org\/glra\/wp-json\/wp\/v2\/users\/1"}],"replies":[{"embeddable":true,"href":"https:\/\/www.granlogiaregularargentina.org\/glra\/wp-json\/wp\/v2\/comments?post=298"}],"version-history":[{"count":1,"href":"https:\/\/www.granlogiaregularargentina.org\/glra\/wp-json\/wp\/v2\/posts\/298\/revisions"}],"predecessor-version":[{"id":299,"href":"https:\/\/www.granlogiaregularargentina.org\/glra\/wp-json\/wp\/v2\/posts\/298\/revisions\/299"}],"wp:attachment":[{"href":"https:\/\/www.granlogiaregularargentina.org\/glra\/wp-json\/wp\/v2\/media?parent=298"}],"wp:term":[{"taxonomy":"category","embeddable":true,"href":"https:\/\/www.granlogiaregularargentina.org\/glra\/wp-json\/wp\/v2\/categories?post=298"},{"taxonomy":"post_tag","embeddable":true,"href":"https:\/\/www.granlogiaregularargentina.org\/glra\/wp-json\/wp\/v2\/tags?post=298"}],"curies":[{"name":"wp","href":"https:\/\/api.w.org\/{rel}","templated":true}]}}