{"id":393,"date":"2020-05-01T05:06:29","date_gmt":"2020-05-01T08:06:29","guid":{"rendered":"https:\/\/www.granlogiaregularargentina.org\/glra\/?p=393"},"modified":"2021-03-23T21:17:20","modified_gmt":"2021-03-24T00:17:20","slug":"dia-internacional-de-les-trabajadores","status":"publish","type":"post","link":"https:\/\/www.granlogiaregularargentina.org\/glra\/blog\/2020\/05\/01\/dia-internacional-de-les-trabajadores\/","title":{"rendered":"D\u00eda Internacional de les Trabajadores"},"content":{"rendered":"\n<figure class=\"wp-block-image size-large\"><img loading=\"lazy\" decoding=\"async\" width=\"236\" height=\"353\" src=\"https:\/\/www.granlogiaregularargentina.org\/glra\/wp-content\/uploads\/2020\/05\/20141009151704-unmasontrabajando.jpg\" alt=\"\" class=\"wp-image-394\" srcset=\"https:\/\/www.granlogiaregularargentina.org\/glra\/wp-content\/uploads\/2020\/05\/20141009151704-unmasontrabajando.jpg 236w, https:\/\/www.granlogiaregularargentina.org\/glra\/wp-content\/uploads\/2020\/05\/20141009151704-unmasontrabajando-201x300.jpg 201w\" sizes=\"auto, (max-width: 236px) 100vw, 236px\" \/><figcaption>Hombre que se construye a si mismo<br><\/figcaption><\/figure>\n\n\n\n<p>En este 1\u00b0 de Mayo de 6020 v:. l:., quienes integramos la Gran Logia Regular Argentina queremos reivindicar el D\u00eda Internacional de los derechos de les Trabajadores, recuperando el legado que nos dejaron los M\u00e1rtires de Chicago, esos sindicalistas anarquistas que fueron ejecutados en Estados Unidos por su lucha en la b\u00fasqueda de una jornada laboral reducida que les permita tener un tiempo de vida diario para cultivar su humanidad. Su huelga comenz\u00f3 un 1\u00b0 de Mayo alcanzado su punto m\u00e1s \u00e1lgido el 4 de mayo de 1886 e:. v:.<\/p>\n\n\n\n<p>Posteriormente, la Segunda Internacional Socialista en su Congreso de Par\u00eds de 1889 e:. v:., estableci\u00f3 el 1\u00b0 de mayo como Jornada de Reivindicaci\u00f3n y luego se estableceria como D\u00eda Internacional de los Derechos de los (hoy les) Trabajadores, por su adopci\u00f3n en la mayor\u00eda de los pa\u00edses.<\/p>\n\n\n\n<h2 class=\"wp-block-heading\">Masoner\u00eda y el 1\u00b0 de Mayo<\/h2>\n\n\n\n<p>Si bien la masoner\u00eda como organizaci\u00f3n especulativa es caracterizada como una organizaci\u00f3n inici\u00e1tica Filos\u00f3fica, Filantr\u00f3pica y Progresista, tiene sus ra\u00edces operativas en los gremios constructores de Catedrales, siendo su base simb\u00f3lica y organizativa una herencia de los obreros picapiedreros.<\/p>\n\n\n\n<p>Tambi\u00e9n es cierto, que la masoner\u00eda presenta miembros gran aporte intelectual, pol\u00edtico y cultural, como en Argentina, que van desde los l\u00edderes de mayo hasta diferentes presidentes de la naci\u00f3n. Pero justo es reivindicar tambi\u00e9n la labor operativa de masones que llevaban su impronta a barrios de obreros sosteniendo la ense\u00f1anza del nivel y proporcionando la letra G (Gnosis) a los excluidos sociales.<\/p>\n\n\n\n<p>Por eso, vale reivindicar tambi\u00e9n la inserci\u00f3n mas\u00f3nica, de la mano del Partido Socialista en los barrios obreros de La Boca y Barracas, d\u00f3nde se pueden encontrar aportes de la masoner\u00eda como la Casa del Pueblo; la Sociedad Luz y el Templo de Hijos del Trabajo; as\u00ed mismo la elecci\u00f3n del primer Diputado Socialista de Am\u00e9rica Latina, el Q:. H:. Alfredo Palacios, quien fuera iniciado en la Resp:. Log:. Libertad N\u00b0 48.<\/p>\n\n\n\n<h2 class=\"wp-block-heading\">Masoner\u00eda y el trabajo hoy<\/h2>\n\n\n\n<p>En momentos en que una pandemia ataca sin piedad a la humanidad, interpelando sus ego\u00edsmos y mesquindades, entendemos que es necesario recuperar esa labor mancomunada que impulsaba la Igualdad como base esencial para la Libertad, para constituir as\u00ed un lazo fraternal, hoy con el aporte de la sororidad, como Columnas esenciales del Templo a construir.<\/p>\n\n\n\n<p>Estamos seguros, que esas ense\u00f1anzas esot\u00e9ricas viscerales que dejaron los obreros en nuestra identidad mas\u00f3nica, ser\u00e1 la reflexi\u00f3n la salida exoterica de nuestra labor operativa y nos colocar\u00e1 al frente del resurgir de la esperanza humana. <\/p>\n\n\n\n<p>En ese camino, seguimos buscando la Luz.<\/p>\n\n\n\n<figure class=\"wp-block-image size-large\"><img loading=\"lazy\" decoding=\"async\" width=\"545\" height=\"105\" src=\"https:\/\/www.granlogiaregularargentina.org\/glra\/wp-content\/uploads\/2021\/03\/image-10.png\" alt=\"\" class=\"wp-image-863\" srcset=\"https:\/\/www.granlogiaregularargentina.org\/glra\/wp-content\/uploads\/2021\/03\/image-10.png 545w, https:\/\/www.granlogiaregularargentina.org\/glra\/wp-content\/uploads\/2021\/03\/image-10-300x58.png 300w\" sizes=\"auto, (max-width: 545px) 100vw, 545px\" \/><\/figure>\n","protected":false},"excerpt":{"rendered":"<p>En este 1\u00b0 de Mayo de 6020 v:. l:., quienes integramos la Gran Logia Regular Argentina queremos reivindicar el D\u00eda Internacional de los derechos de les Trabajadores, recuperando el legado que nos dejaron los M\u00e1rtires de Chicago, esos sindicalistas anarquistas que fueron ejecutados en Estados Unidos por su lucha en la b\u00fasqueda de una jornada [&hellip;]<\/p>\n","protected":false},"author":1,"featured_media":0,"comment_status":"closed","ping_status":"closed","sticky":false,"template":"","format":"standard","meta":{"footnotes":""},"categories":[15],"tags":[],"class_list":["post-393","post","type-post","status-publish","format-standard","hentry","category-efemerides"],"_links":{"self":[{"href":"https:\/\/www.granlogiaregularargentina.org\/glra\/wp-json\/wp\/v2\/posts\/393","targetHints":{"allow":["GET"]}}],"collection":[{"href":"https:\/\/www.granlogiaregularargentina.org\/glra\/wp-json\/wp\/v2\/posts"}],"about":[{"href":"https:\/\/www.granlogiaregularargentina.org\/glra\/wp-json\/wp\/v2\/types\/post"}],"author":[{"embeddable":true,"href":"https:\/\/www.granlogiaregularargentina.org\/glra\/wp-json\/wp\/v2\/users\/1"}],"replies":[{"embeddable":true,"href":"https:\/\/www.granlogiaregularargentina.org\/glra\/wp-json\/wp\/v2\/comments?post=393"}],"version-history":[{"count":2,"href":"https:\/\/www.granlogiaregularargentina.org\/glra\/wp-json\/wp\/v2\/posts\/393\/revisions"}],"predecessor-version":[{"id":864,"href":"https:\/\/www.granlogiaregularargentina.org\/glra\/wp-json\/wp\/v2\/posts\/393\/revisions\/864"}],"wp:attachment":[{"href":"https:\/\/www.granlogiaregularargentina.org\/glra\/wp-json\/wp\/v2\/media?parent=393"}],"wp:term":[{"taxonomy":"category","embeddable":true,"href":"https:\/\/www.granlogiaregularargentina.org\/glra\/wp-json\/wp\/v2\/categories?post=393"},{"taxonomy":"post_tag","embeddable":true,"href":"https:\/\/www.granlogiaregularargentina.org\/glra\/wp-json\/wp\/v2\/tags?post=393"}],"curies":[{"name":"wp","href":"https:\/\/api.w.org\/{rel}","templated":true}]}}