{"id":655,"date":"2020-10-17T20:51:27","date_gmt":"2020-10-17T23:51:27","guid":{"rendered":"https:\/\/www.granlogiaregularargentina.org\/glra\/?p=655"},"modified":"2021-03-25T22:24:26","modified_gmt":"2021-03-26T01:24:26","slug":"75-aniversario-del-17-de-octubre","status":"publish","type":"post","link":"https:\/\/www.granlogiaregularargentina.org\/glra\/blog\/2020\/10\/17\/75-aniversario-del-17-de-octubre\/","title":{"rendered":"75 aniversario del 17 de Octubre"},"content":{"rendered":"\n<div class=\"wp-block-image\"><figure class=\"aligncenter size-large\"><img loading=\"lazy\" decoding=\"async\" width=\"540\" height=\"405\" src=\"https:\/\/www.granlogiaregularargentina.org\/glra\/wp-content\/uploads\/2020\/10\/17-de-octubre.jpg\" alt=\"\" class=\"wp-image-656\" srcset=\"https:\/\/www.granlogiaregularargentina.org\/glra\/wp-content\/uploads\/2020\/10\/17-de-octubre.jpg 540w, https:\/\/www.granlogiaregularargentina.org\/glra\/wp-content\/uploads\/2020\/10\/17-de-octubre-300x225.jpg 300w\" sizes=\"auto, (max-width: 540px) 100vw, 540px\" \/><figcaption>La GLRA saluda con un recuerdo especial al 75 aniversario del 17 de octubre, consider\u00e1ndola como una fecha hist\u00f3rica para la democracia Argentina, porque inaugur\u00f3 una serie de pol\u00edticas en torno a la ampliaci\u00f3n de derechos sociales y pol\u00edticos, poniendo en el centro de la escena de la rep\u00fablica al asalariado y el trabajo, posteriormente a las mujeres, punto central para la masoner\u00eda universal.<br>Evocamos as\u00ed, las palabras del discurso de Juan Domingo Per\u00f3n en aquel balc\u00f3n de la Plaza de Mayo a miles de trabajadores que acudieron a pedir por \u00e9l y por su dignidad: \u00abTrabajadores: \u00fananse; sean hoy m\u00e1s hermanos que nunca. Sobre la hermandad de los que trabajan ha de levantarse en esta hermosa tierra la unidad de todos los argentinos. \u00ab<br>Quienes se consideren Obreros de la Rep\u00fablica no podr\u00e1n soslayar el significado hist\u00f3rico de la fecha y el paso decisivo en la Democracia de nuestro pa\u00eds.<br>Richard Da Silva 33. Soberano Gran Comendador.<br>Juan Jos\u00e9 Castelli 33. Seren\u00edsimo Gran Maestro.<\/figcaption><\/figure><\/div>\n\n\n\n<figure class=\"wp-block-image size-large\"><img loading=\"lazy\" decoding=\"async\" width=\"545\" height=\"105\" src=\"https:\/\/www.granlogiaregularargentina.org\/glra\/wp-content\/uploads\/2021\/03\/image-8.png\" alt=\"\" class=\"wp-image-858\" srcset=\"https:\/\/www.granlogiaregularargentina.org\/glra\/wp-content\/uploads\/2021\/03\/image-8.png 545w, https:\/\/www.granlogiaregularargentina.org\/glra\/wp-content\/uploads\/2021\/03\/image-8-300x58.png 300w\" sizes=\"auto, (max-width: 545px) 100vw, 545px\" \/><\/figure>\n\n\n\n<figure class=\"wp-block-image size-large\"><img loading=\"lazy\" decoding=\"async\" width=\"1024\" height=\"245\" src=\"https:\/\/www.granlogiaregularargentina.org\/glra\/wp-content\/uploads\/2021\/03\/cropped-IMG-20210325-WA0057-1024x245.jpg\" alt=\"\" class=\"wp-image-880\" srcset=\"https:\/\/www.granlogiaregularargentina.org\/glra\/wp-content\/uploads\/2021\/03\/cropped-IMG-20210325-WA0057-1024x245.jpg 1024w, https:\/\/www.granlogiaregularargentina.org\/glra\/wp-content\/uploads\/2021\/03\/cropped-IMG-20210325-WA0057-300x72.jpg 300w, https:\/\/www.granlogiaregularargentina.org\/glra\/wp-content\/uploads\/2021\/03\/cropped-IMG-20210325-WA0057-768x184.jpg 768w, https:\/\/www.granlogiaregularargentina.org\/glra\/wp-content\/uploads\/2021\/03\/cropped-IMG-20210325-WA0057-1536x367.jpg 1536w, https:\/\/www.granlogiaregularargentina.org\/glra\/wp-content\/uploads\/2021\/03\/cropped-IMG-20210325-WA0057.jpg 2000w\" sizes=\"auto, (max-width: 1024px) 100vw, 1024px\" \/><\/figure>\n","protected":false},"excerpt":{"rendered":"","protected":false},"author":1,"featured_media":656,"comment_status":"closed","ping_status":"closed","sticky":false,"template":"","format":"standard","meta":{"footnotes":""},"categories":[9,12,15],"tags":[19],"class_list":["post-655","post","type-post","status-publish","format-standard","has-post-thumbnail","hentry","category-comunicados-glra","category-comunicados-sc33o","category-efemerides","tag-17-de-octubre"],"_links":{"self":[{"href":"https:\/\/www.granlogiaregularargentina.org\/glra\/wp-json\/wp\/v2\/posts\/655","targetHints":{"allow":["GET"]}}],"collection":[{"href":"https:\/\/www.granlogiaregularargentina.org\/glra\/wp-json\/wp\/v2\/posts"}],"about":[{"href":"https:\/\/www.granlogiaregularargentina.org\/glra\/wp-json\/wp\/v2\/types\/post"}],"author":[{"embeddable":true,"href":"https:\/\/www.granlogiaregularargentina.org\/glra\/wp-json\/wp\/v2\/users\/1"}],"replies":[{"embeddable":true,"href":"https:\/\/www.granlogiaregularargentina.org\/glra\/wp-json\/wp\/v2\/comments?post=655"}],"version-history":[{"count":3,"href":"https:\/\/www.granlogiaregularargentina.org\/glra\/wp-json\/wp\/v2\/posts\/655\/revisions"}],"predecessor-version":[{"id":900,"href":"https:\/\/www.granlogiaregularargentina.org\/glra\/wp-json\/wp\/v2\/posts\/655\/revisions\/900"}],"wp:featuredmedia":[{"embeddable":true,"href":"https:\/\/www.granlogiaregularargentina.org\/glra\/wp-json\/wp\/v2\/media\/656"}],"wp:attachment":[{"href":"https:\/\/www.granlogiaregularargentina.org\/glra\/wp-json\/wp\/v2\/media?parent=655"}],"wp:term":[{"taxonomy":"category","embeddable":true,"href":"https:\/\/www.granlogiaregularargentina.org\/glra\/wp-json\/wp\/v2\/categories?post=655"},{"taxonomy":"post_tag","embeddable":true,"href":"https:\/\/www.granlogiaregularargentina.org\/glra\/wp-json\/wp\/v2\/tags?post=655"}],"curies":[{"name":"wp","href":"https:\/\/api.w.org\/{rel}","templated":true}]}}