{"id":704,"date":"2020-12-06T15:26:55","date_gmt":"2020-12-06T18:26:55","guid":{"rendered":"https:\/\/www.granlogiaregularargentina.org\/glra\/?p=704"},"modified":"2022-05-22T22:26:24","modified_gmt":"2022-05-23T01:26:24","slug":"tabare-vazquez-en-o-e","status":"publish","type":"post","link":"https:\/\/www.granlogiaregularargentina.org\/glra\/blog\/2020\/12\/06\/tabare-vazquez-en-o-e\/","title":{"rendered":"Tabar\u00e9 V\u00e1zquez en O:. E:."},"content":{"rendered":"\n<figure class=\"wp-block-image size-large\"><img loading=\"lazy\" decoding=\"async\" width=\"1024\" height=\"245\" src=\"https:\/\/www.granlogiaregularargentina.org\/glra\/wp-content\/uploads\/2021\/03\/cropped-IMG-20210325-WA0057-1024x245.jpg\" alt=\"\" class=\"wp-image-880\" srcset=\"https:\/\/www.granlogiaregularargentina.org\/glra\/wp-content\/uploads\/2021\/03\/cropped-IMG-20210325-WA0057-1024x245.jpg 1024w, https:\/\/www.granlogiaregularargentina.org\/glra\/wp-content\/uploads\/2021\/03\/cropped-IMG-20210325-WA0057-300x72.jpg 300w, https:\/\/www.granlogiaregularargentina.org\/glra\/wp-content\/uploads\/2021\/03\/cropped-IMG-20210325-WA0057-768x184.jpg 768w, https:\/\/www.granlogiaregularargentina.org\/glra\/wp-content\/uploads\/2021\/03\/cropped-IMG-20210325-WA0057-1536x367.jpg 1536w, https:\/\/www.granlogiaregularargentina.org\/glra\/wp-content\/uploads\/2021\/03\/cropped-IMG-20210325-WA0057.jpg 2000w\" sizes=\"auto, (max-width: 1024px) 100vw, 1024px\" \/><\/figure>\n\n\n\n<figure class=\"wp-block-image size-large\"><img loading=\"lazy\" decoding=\"async\" width=\"480\" height=\"360\" src=\"https:\/\/www.granlogiaregularargentina.org\/glra\/wp-content\/uploads\/2020\/12\/hqdefault.jpg\" alt=\"\" class=\"wp-image-706\" srcset=\"https:\/\/www.granlogiaregularargentina.org\/glra\/wp-content\/uploads\/2020\/12\/hqdefault.jpg 480w, https:\/\/www.granlogiaregularargentina.org\/glra\/wp-content\/uploads\/2020\/12\/hqdefault-300x225.jpg 300w\" sizes=\"auto, (max-width: 480px) 100vw, 480px\" \/><\/figure>\n\n\n\n<p>La masoner\u00eda progresista argentina quiere manifestar su D:. D:. D:. por el paso al Or:. Et. del Il:. y P:. H:, Tabar\u00e9 Ram\u00f3n V\u00e1zquez Rosas, Expresidente de la H:, Republica Oriental del Uruguay.<\/p>\n\n\n\n<p>Enviamos las condolencias su familia, QQ:. HH:. y al pueblo uruguayo todo.<\/p>\n\n\n\n<p>Que G:. A:. D:. U:.  lo acoja en su Gloria S:. F:. U:.<\/p>\n\n\n\n<figure class=\"wp-block-image size-large\"><img loading=\"lazy\" decoding=\"async\" width=\"536\" height=\"115\" src=\"https:\/\/www.granlogiaregularargentina.org\/glra\/wp-content\/uploads\/2021\/03\/image-6.png\" alt=\"\" class=\"wp-image-853\" srcset=\"https:\/\/www.granlogiaregularargentina.org\/glra\/wp-content\/uploads\/2021\/03\/image-6.png 536w, https:\/\/www.granlogiaregularargentina.org\/glra\/wp-content\/uploads\/2021\/03\/image-6-300x64.png 300w\" sizes=\"auto, (max-width: 536px) 100vw, 536px\" \/><\/figure>\n\n\n\n<p>De manera homenaje se copia Discurso presentado ante la Gran Logia de la Rep\u00fablica del Uruguay<\/p>\n\n\n\n<p><a href=\"http:\/\/archivo.presidencia.gub.uy\/_web\/noticias\/2005\/07\/2005071404.htm\">http:\/\/archivo.presidencia.gub.uy\/_web\/noticias\/2005\/07\/2005071404.htm<\/a><\/p>\n\n\n\n<p><\/p>\n","protected":false},"excerpt":{"rendered":"<p>La masoner\u00eda progresista argentina quiere manifestar su D:. D:. D:. por el paso al Or:. Et. del Il:. y P:. H:, Tabar\u00e9 Ram\u00f3n V\u00e1zquez Rosas, Expresidente de la H:, Republica Oriental del Uruguay. Enviamos las condolencias su familia, QQ:. HH:. y al pueblo uruguayo todo. Que G:. A:. D:. U:. lo acoja en su Gloria [&hellip;]<\/p>\n","protected":false},"author":1,"featured_media":0,"comment_status":"closed","ping_status":"closed","sticky":false,"template":"","format":"standard","meta":{"footnotes":""},"categories":[34],"tags":[22],"class_list":["post-704","post","type-post","status-publish","format-standard","hentry","category-in-memorian","tag-tabare-vazquez"],"_links":{"self":[{"href":"https:\/\/www.granlogiaregularargentina.org\/glra\/wp-json\/wp\/v2\/posts\/704","targetHints":{"allow":["GET"]}}],"collection":[{"href":"https:\/\/www.granlogiaregularargentina.org\/glra\/wp-json\/wp\/v2\/posts"}],"about":[{"href":"https:\/\/www.granlogiaregularargentina.org\/glra\/wp-json\/wp\/v2\/types\/post"}],"author":[{"embeddable":true,"href":"https:\/\/www.granlogiaregularargentina.org\/glra\/wp-json\/wp\/v2\/users\/1"}],"replies":[{"embeddable":true,"href":"https:\/\/www.granlogiaregularargentina.org\/glra\/wp-json\/wp\/v2\/comments?post=704"}],"version-history":[{"count":3,"href":"https:\/\/www.granlogiaregularargentina.org\/glra\/wp-json\/wp\/v2\/posts\/704\/revisions"}],"predecessor-version":[{"id":896,"href":"https:\/\/www.granlogiaregularargentina.org\/glra\/wp-json\/wp\/v2\/posts\/704\/revisions\/896"}],"wp:attachment":[{"href":"https:\/\/www.granlogiaregularargentina.org\/glra\/wp-json\/wp\/v2\/media?parent=704"}],"wp:term":[{"taxonomy":"category","embeddable":true,"href":"https:\/\/www.granlogiaregularargentina.org\/glra\/wp-json\/wp\/v2\/categories?post=704"},{"taxonomy":"post_tag","embeddable":true,"href":"https:\/\/www.granlogiaregularargentina.org\/glra\/wp-json\/wp\/v2\/tags?post=704"}],"curies":[{"name":"wp","href":"https:\/\/api.w.org\/{rel}","templated":true}]}}