{"id":711,"date":"2020-12-10T17:14:27","date_gmt":"2020-12-10T20:14:27","guid":{"rendered":"https:\/\/www.granlogiaregularargentina.org\/glra\/?p=711"},"modified":"2021-03-25T22:17:59","modified_gmt":"2021-03-26T01:17:59","slug":"sobre-la-ley-de-ive-en-argentina","status":"publish","type":"post","link":"https:\/\/www.granlogiaregularargentina.org\/glra\/blog\/2020\/12\/10\/sobre-la-ley-de-ive-en-argentina\/","title":{"rendered":"Sobre la Ley de IVE en Argentina"},"content":{"rendered":"\n<figure class=\"wp-block-image size-large\"><img loading=\"lazy\" decoding=\"async\" width=\"1024\" height=\"245\" src=\"https:\/\/www.granlogiaregularargentina.org\/glra\/wp-content\/uploads\/2021\/03\/cropped-IMG-20210325-WA0057-1024x245.jpg\" alt=\"\" class=\"wp-image-880\" srcset=\"https:\/\/www.granlogiaregularargentina.org\/glra\/wp-content\/uploads\/2021\/03\/cropped-IMG-20210325-WA0057-1024x245.jpg 1024w, https:\/\/www.granlogiaregularargentina.org\/glra\/wp-content\/uploads\/2021\/03\/cropped-IMG-20210325-WA0057-300x72.jpg 300w, https:\/\/www.granlogiaregularargentina.org\/glra\/wp-content\/uploads\/2021\/03\/cropped-IMG-20210325-WA0057-768x184.jpg 768w, https:\/\/www.granlogiaregularargentina.org\/glra\/wp-content\/uploads\/2021\/03\/cropped-IMG-20210325-WA0057-1536x367.jpg 1536w, https:\/\/www.granlogiaregularargentina.org\/glra\/wp-content\/uploads\/2021\/03\/cropped-IMG-20210325-WA0057.jpg 2000w\" sizes=\"auto, (max-width: 1024px) 100vw, 1024px\" \/><\/figure>\n\n\n\n<p class=\"has-text-align-center\"><strong>Sobre la Ley de IVE en Argentina<\/strong><\/p>\n\n\n\n<p class=\"has-text-align-right\">En el Or:. de la Rep\u00fablica Argentina, 6020 v:. l:.<\/p>\n\n\n\n<p>La masoner\u00eda progresista argentina quiere manifestar su benepl\u00e1cito a la aprobaci\u00f3n de la Ley de Interrupci\u00f3n Voluntaria del Embarazo, que ampl\u00eda el derecho ya establecido en el C\u00f3digo Civil de 1921 y actualiza la legislaci\u00f3n nacional, igual\u00e1ndola a los pa\u00edses m\u00e1s avanzados del mundo.<\/p>\n\n\n\n<p>Consideramos que las razones que llevan a una persona gestante a decidir interrumpir el desarrollo de un embri\u00f3n en su vientre corresponde a su decisi\u00f3n moral e intelectual.<\/p>\n\n\n\n<p>En tanto que como eticidad del Estado, especialmente en uno laico, se entiende que su posici\u00f3n no deriva de principios morales individuales, sino de una base \u00e9tica universal, que no es transcendente sino hist\u00f3rica, constituida en base a la raz\u00f3n.<\/p>\n\n\n\n<p>En tal sentido, la fe religiosa o moral es parte de la persona y no puede condicionar el accionar del Estado, m\u00e1s cuando tiene fuerte controversias. Por ejemplo, en el islamismo, donde existen desacuerdos en cuanto al momento exacto de la instalaci\u00f3n del alma en el cuerpo y desarrollo del feto, y hay grupos que permiten el aborto hasta los 120 d\u00edas. Incluso el juda\u00edsmo exige el aborto cuando peligra la vida de la madre y hay una gran divergencia entre los distintos movimientos en cuanto a permitir el aborto por razones terap\u00e9uticas. Y si bien en el catolicismo de la Iglesia Cat\u00f3lica Romana, su posici\u00f3n establece que existe vida humana desde la concepci\u00f3n, no siempre ha sido la misma. Antes de 1869, los te\u00f3logos sosten\u00edan que el feto se convert\u00eda en ser humano con alma humana a partir de los 40 d\u00edas posteriores a la concepci\u00f3n. Actualmente, muchos te\u00f3logos cat\u00f3licos consideran que el aborto es permisible en las primeras semanas de gestaci\u00f3n.<\/p>\n\n\n\n<p>En tal sentido, se deben abandonar los prejuicios religiosos y tomarse como una cuesti\u00f3n de Derechos Humanos y Salud P\u00fablica, donde el derecho a interrumpir la gestaci\u00f3n de un embri\u00f3n es una demanda de justicia en una democracia laica. <\/p>\n\n\n\n<p>Por lo expuesto, esperamos que la raz\u00f3n, fuente de todo conocimiento, ilumine al Parlamento Argentino para que encuentre los mejores criterios para abordar una tem\u00e1tica que hoy condena a la clandestinidad y muerte a miles de mujeres, a fin de propiciarles una salud integral que implique la educaci\u00f3n sexual para decidir; los anticonceptivos para no abortar; y la Interrupci\u00f3n Legal para no morir.<\/p>\n\n\n\n<figure class=\"wp-block-image size-large\"><img loading=\"lazy\" decoding=\"async\" width=\"552\" height=\"107\" src=\"https:\/\/www.granlogiaregularargentina.org\/glra\/wp-content\/uploads\/2021\/03\/image-5.png\" alt=\"\" class=\"wp-image-850\" srcset=\"https:\/\/www.granlogiaregularargentina.org\/glra\/wp-content\/uploads\/2021\/03\/image-5.png 552w, https:\/\/www.granlogiaregularargentina.org\/glra\/wp-content\/uploads\/2021\/03\/image-5-300x58.png 300w\" sizes=\"auto, (max-width: 552px) 100vw, 552px\" \/><\/figure>\n\n\n\n<p><\/p>\n","protected":false},"excerpt":{"rendered":"<p>Sobre la Ley de IVE en Argentina En el Or:. de la Rep\u00fablica Argentina, 6020 v:. l:. La masoner\u00eda progresista argentina quiere manifestar su benepl\u00e1cito a la aprobaci\u00f3n de la Ley de Interrupci\u00f3n Voluntaria del Embarazo, que ampl\u00eda el derecho ya establecido en el C\u00f3digo Civil de 1921 y actualiza la legislaci\u00f3n nacional, igual\u00e1ndola a [&hellip;]<\/p>\n","protected":false},"author":1,"featured_media":0,"comment_status":"closed","ping_status":"closed","sticky":false,"template":"","format":"standard","meta":{"footnotes":""},"categories":[9,12],"tags":[],"class_list":["post-711","post","type-post","status-publish","format-standard","hentry","category-comunicados-glra","category-comunicados-sc33o"],"_links":{"self":[{"href":"https:\/\/www.granlogiaregularargentina.org\/glra\/wp-json\/wp\/v2\/posts\/711","targetHints":{"allow":["GET"]}}],"collection":[{"href":"https:\/\/www.granlogiaregularargentina.org\/glra\/wp-json\/wp\/v2\/posts"}],"about":[{"href":"https:\/\/www.granlogiaregularargentina.org\/glra\/wp-json\/wp\/v2\/types\/post"}],"author":[{"embeddable":true,"href":"https:\/\/www.granlogiaregularargentina.org\/glra\/wp-json\/wp\/v2\/users\/1"}],"replies":[{"embeddable":true,"href":"https:\/\/www.granlogiaregularargentina.org\/glra\/wp-json\/wp\/v2\/comments?post=711"}],"version-history":[{"count":7,"href":"https:\/\/www.granlogiaregularargentina.org\/glra\/wp-json\/wp\/v2\/posts\/711\/revisions"}],"predecessor-version":[{"id":894,"href":"https:\/\/www.granlogiaregularargentina.org\/glra\/wp-json\/wp\/v2\/posts\/711\/revisions\/894"}],"wp:attachment":[{"href":"https:\/\/www.granlogiaregularargentina.org\/glra\/wp-json\/wp\/v2\/media?parent=711"}],"wp:term":[{"taxonomy":"category","embeddable":true,"href":"https:\/\/www.granlogiaregularargentina.org\/glra\/wp-json\/wp\/v2\/categories?post=711"},{"taxonomy":"post_tag","embeddable":true,"href":"https:\/\/www.granlogiaregularargentina.org\/glra\/wp-json\/wp\/v2\/tags?post=711"}],"curies":[{"name":"wp","href":"https:\/\/api.w.org\/{rel}","templated":true}]}}